{"id":1005,"date":"2018-10-05T07:16:16","date_gmt":"2018-10-05T07:16:16","guid":{"rendered":"https:\/\/cojep.com\/?p=1005"},"modified":"2021-01-10T21:41:52","modified_gmt":"2021-01-10T21:41:52","slug":"1005","status":"publish","type":"post","link":"https:\/\/cojep.com\/tr\/cojep\/rapports-cojep\/2018\/10\/05\/1005\/","title":{"rendered":"ORIW: 2017-2018 Avrupa \u00dclkelerinde Irk\u00e7\u0131l\u0131k ve \u0130slamofobi Raporu"},"content":{"rendered":"<p><img loading=\"lazy\" decoding=\"async\" class=\"alignleft size-medium wp-image-1006\" src=\"https:\/\/cojep.com\/wp-content\/uploads\/2018\/10\/SmartSelect_20181005-081746_Adobe-Acrobat-300x287.jpg\" alt=\"\" width=\"300\" height=\"287\" \/>ORIW, \"Organization Racisme Islamophobia Watch\", Frans\u0131zca konu\u015fulan \u00fclkelerde \u0130slamofobi ve \u0131rk\u00e7\u0131l\u0131\u011fa kar\u015f\u0131 m\u00fccadele etmek i\u00e7in uzmanlar ve hukuk\u00e7ularla birlikte \u00e7al\u0131\u015fan bir kurulu\u015ftur.<!--more--><span id=\"more-1530\"><\/span><span id=\"more-11193\"><\/span><\/p>\n<p align=\"LEFT\">L\u2019ORIW a \u00e9t\u00e9 mise en place en octobre 2013 afin de lutter contre les discriminations et les actes islamophobe qui augmentent progressivement aujourd\u2019hui \u00e0 cause de l\u2019influence des partis politiques, des m\u00e9dias, des pr\u00e9jug\u00e9s et peurs dans la soci\u00e9t\u00e9.<\/p>\n<p align=\"LEFT\">Compte tenu de toutes ces id\u00e9es et actions, ORIW veut aider et soutenir les gens moralement et juridiquement dont les valeurs de vie sont en danger \u00e0 cause des actions racistes ou islamophobes dans les pays francophones (France, Belgique, Suisse).<\/p>\n<p align=\"LEFT\">Vous trouverez ci-dessous le rapport 2017-2018 de l\u2019ORIW, \u00ab Organization Racisme Islamophobia Watch \u00bb\u00a0 : <a href=\"http:\/\/www.oriw.org\/wp-content\/uploads\/2018\/10\/Rapport-ORIW-2017_2018.pdf\" target=\"_blank\" rel=\"noopener\">Rapport ORIW 2017_2018 Fran\u00e7ais<\/a><\/p>\n<p align=\"LEFT\"><img loading=\"lazy\" decoding=\"async\" class=\"aligncenter size-large wp-image-1007\" src=\"https:\/\/cojep.com\/wp-content\/uploads\/2018\/10\/SmartSelect_20181005-081728_Adobe-Acrobat-719x1024.jpg\" alt=\"\" width=\"640\" height=\"911\" srcset=\"https:\/\/cojep.com\/wp-content\/uploads\/2018\/10\/SmartSelect_20181005-081728_Adobe-Acrobat-719x1024.jpg 719w, https:\/\/cojep.com\/wp-content\/uploads\/2018\/10\/SmartSelect_20181005-081728_Adobe-Acrobat-211x300.jpg 211w, https:\/\/cojep.com\/wp-content\/uploads\/2018\/10\/SmartSelect_20181005-081728_Adobe-Acrobat-768x1093.jpg 768w, https:\/\/cojep.com\/wp-content\/uploads\/2018\/10\/SmartSelect_20181005-081728_Adobe-Acrobat-696x991.jpg 696w, https:\/\/cojep.com\/wp-content\/uploads\/2018\/10\/SmartSelect_20181005-081728_Adobe-Acrobat-295x420.jpg 295w, https:\/\/cojep.com\/wp-content\/uploads\/2018\/10\/SmartSelect_20181005-081728_Adobe-Acrobat.jpg 1027w\" sizes=\"auto, (max-width: 640px) 100vw, 640px\" \/><\/p>","protected":false},"excerpt":{"rendered":"<p>ORIW, \"Organization Racisme Islamophobia Watch\", Frans\u0131zca konu\u015fulan \u00fclkelerde \u0130slamofobi ve \u0131rk\u00e7\u0131l\u0131\u011fa kar\u015f\u0131 m\u00fccadele etmek i\u00e7in uzmanlar ve hukuk\u00e7ularla birlikte \u00e7al\u0131\u015fan bir kurulu\u015ftur.<\/p>","protected":false},"author":2,"featured_media":1973,"comment_status":"open","ping_status":"open","sticky":false,"template":"","format":"standard","meta":{"footnotes":""},"categories":[168],"tags":[134,135,137,138,136,128,133,139],"class_list":["post-1005","post","type-post","status-publish","format-standard","has-post-thumbnail","hentry","category-rapports-cojep","tag-discrimination","tag-islam","tag-islamofobi","tag-islamophobia","tag-islamophobie","tag-oriw","tag-racisme","tag-rapport"],"yoast_head":"<!-- This site is optimized with the Yoast SEO plugin v27.3 - https:\/\/yoast.com\/product\/yoast-seo-wordpress\/ -->\n<title>ORIW : Rapport 2017-2018 sur le Racisme et l\u2019Islamophobie dans les pays europ\u00e9ens - Cojep International<\/title>\n<meta name=\"robots\" content=\"index, follow, max-snippet:-1, max-image-preview:large, max-video-preview:-1\" \/>\n<link rel=\"canonical\" href=\"https:\/\/cojep.com\/tr\/cojep\/rapports-cojep\/2018\/10\/05\/1005\/\" \/>\n<meta property=\"og:locale\" content=\"tr_TR\" \/>\n<meta property=\"og:type\" content=\"article\" \/>\n<meta property=\"og:title\" content=\"ORIW : Rapport 2017-2018 sur le Racisme et l\u2019Islamophobie dans les pays europ\u00e9ens - Cojep International\" \/>\n<meta property=\"og:description\" content=\"ORIW, \u00ab Organization Racisme Islamophobia Watch \u00bb, est une organisation qui\u00a0travaille avec des experts et des avocats afin de lutter contre l\u2019islamophobie et le racisme dans les pays francophones.\" \/>\n<meta property=\"og:url\" content=\"https:\/\/cojep.com\/tr\/cojep\/rapports-cojep\/2018\/10\/05\/1005\/\" \/>\n<meta property=\"og:site_name\" content=\"Cojep International\" \/>\n<meta property=\"article:published_time\" content=\"2018-10-05T07:16:16+00:00\" \/>\n<meta property=\"article:modified_time\" content=\"2021-01-10T21:41:52+00:00\" \/>\n<meta property=\"og:image\" content=\"https:\/\/cojep.com\/wp-content\/uploads\/2018\/10\/oriw-rapport.jpg\" \/>\n\t<meta property=\"og:image:width\" content=\"720\" \/>\n\t<meta property=\"og:image:height\" content=\"538\" \/>\n\t<meta property=\"og:image:type\" content=\"image\/jpeg\" \/>\n<meta name=\"author\" content=\"Admin Cojep\" \/>\n<meta name=\"twitter:card\" content=\"summary_large_image\" \/>\n<meta name=\"twitter:label1\" content=\"Yazan:\" \/>\n\t<meta name=\"twitter:data1\" content=\"Admin Cojep\" \/>\n\t<meta name=\"twitter:label2\" content=\"Tahmini okuma s\u00fcresi\" \/>\n\t<meta name=\"twitter:data2\" content=\"1 dakika\" \/>\n<script type=\"application\/ld+json\" class=\"yoast-schema-graph\">{\"@context\":\"https:\\\/\\\/schema.org\",\"@graph\":[{\"@type\":\"Article\",\"@id\":\"https:\\\/\\\/cojep.com\\\/tr\\\/cojep\\\/rapports-cojep\\\/2018\\\/10\\\/05\\\/1005\\\/#article\",\"isPartOf\":{\"@id\":\"https:\\\/\\\/cojep.com\\\/tr\\\/cojep\\\/rapports-cojep\\\/2018\\\/10\\\/05\\\/1005\\\/\"},\"author\":{\"name\":\"Admin Cojep\",\"@id\":\"https:\\\/\\\/cojep.com\\\/#\\\/schema\\\/person\\\/1ecf08016acfd3d6a23e474b711b28f9\"},\"headline\":\"ORIW : Rapport 2017-2018 sur le Racisme et l\u2019Islamophobie dans les pays europ\u00e9ens\",\"datePublished\":\"2018-10-05T07:16:16+00:00\",\"dateModified\":\"2021-01-10T21:41:52+00:00\",\"mainEntityOfPage\":{\"@id\":\"https:\\\/\\\/cojep.com\\\/tr\\\/cojep\\\/rapports-cojep\\\/2018\\\/10\\\/05\\\/1005\\\/\"},\"wordCount\":144,\"commentCount\":0,\"publisher\":{\"@id\":\"https:\\\/\\\/cojep.com\\\/#organization\"},\"image\":{\"@id\":\"https:\\\/\\\/cojep.com\\\/tr\\\/cojep\\\/rapports-cojep\\\/2018\\\/10\\\/05\\\/1005\\\/#primaryimage\"},\"thumbnailUrl\":\"https:\\\/\\\/cojep.com\\\/wp-content\\\/uploads\\\/2018\\\/10\\\/oriw-rapport.jpg\",\"keywords\":[\"discrimination\",\"islam\",\"islamofobi\",\"islamophobia\",\"islamophobie\",\"oriw\",\"racisme\",\"rapport\"],\"articleSection\":[\"Nos rapports\"],\"inLanguage\":\"tr\",\"potentialAction\":[{\"@type\":\"CommentAction\",\"name\":\"Comment\",\"target\":[\"https:\\\/\\\/cojep.com\\\/tr\\\/cojep\\\/rapports-cojep\\\/2018\\\/10\\\/05\\\/1005\\\/#respond\"]}]},{\"@type\":\"WebPage\",\"@id\":\"https:\\\/\\\/cojep.com\\\/tr\\\/cojep\\\/rapports-cojep\\\/2018\\\/10\\\/05\\\/1005\\\/\",\"url\":\"https:\\\/\\\/cojep.com\\\/tr\\\/cojep\\\/rapports-cojep\\\/2018\\\/10\\\/05\\\/1005\\\/\",\"name\":\"ORIW : Rapport 2017-2018 sur le Racisme et l\u2019Islamophobie dans les pays europ\u00e9ens - Cojep International\",\"isPartOf\":{\"@id\":\"https:\\\/\\\/cojep.com\\\/#website\"},\"primaryImageOfPage\":{\"@id\":\"https:\\\/\\\/cojep.com\\\/tr\\\/cojep\\\/rapports-cojep\\\/2018\\\/10\\\/05\\\/1005\\\/#primaryimage\"},\"image\":{\"@id\":\"https:\\\/\\\/cojep.com\\\/tr\\\/cojep\\\/rapports-cojep\\\/2018\\\/10\\\/05\\\/1005\\\/#primaryimage\"},\"thumbnailUrl\":\"https:\\\/\\\/cojep.com\\\/wp-content\\\/uploads\\\/2018\\\/10\\\/oriw-rapport.jpg\",\"datePublished\":\"2018-10-05T07:16:16+00:00\",\"dateModified\":\"2021-01-10T21:41:52+00:00\",\"inLanguage\":\"tr\",\"potentialAction\":[{\"@type\":\"ReadAction\",\"target\":[\"https:\\\/\\\/cojep.com\\\/tr\\\/cojep\\\/rapports-cojep\\\/2018\\\/10\\\/05\\\/1005\\\/\"]}]},{\"@type\":\"ImageObject\",\"inLanguage\":\"tr\",\"@id\":\"https:\\\/\\\/cojep.com\\\/tr\\\/cojep\\\/rapports-cojep\\\/2018\\\/10\\\/05\\\/1005\\\/#primaryimage\",\"url\":\"https:\\\/\\\/cojep.com\\\/wp-content\\\/uploads\\\/2018\\\/10\\\/oriw-rapport.jpg\",\"contentUrl\":\"https:\\\/\\\/cojep.com\\\/wp-content\\\/uploads\\\/2018\\\/10\\\/oriw-rapport.jpg\",\"width\":720,\"height\":538,\"caption\":\"islamophobie oriw\"},{\"@type\":\"WebSite\",\"@id\":\"https:\\\/\\\/cojep.com\\\/#website\",\"url\":\"https:\\\/\\\/cojep.com\\\/\",\"name\":\"Cojep International\",\"description\":\"Conseil pour la Justice, l&#039;Egalit\u00e9 et la Paix\",\"publisher\":{\"@id\":\"https:\\\/\\\/cojep.com\\\/#organization\"},\"potentialAction\":[{\"@type\":\"SearchAction\",\"target\":{\"@type\":\"EntryPoint\",\"urlTemplate\":\"https:\\\/\\\/cojep.com\\\/?s={search_term_string}\"},\"query-input\":{\"@type\":\"PropertyValueSpecification\",\"valueRequired\":true,\"valueName\":\"search_term_string\"}}],\"inLanguage\":\"tr\"},{\"@type\":\"Organization\",\"@id\":\"https:\\\/\\\/cojep.com\\\/#organization\",\"name\":\"Cojep International\",\"url\":\"https:\\\/\\\/cojep.com\\\/\",\"logo\":{\"@type\":\"ImageObject\",\"inLanguage\":\"tr\",\"@id\":\"https:\\\/\\\/cojep.com\\\/#\\\/schema\\\/logo\\\/image\\\/\",\"url\":\"https:\\\/\\\/cojep.com\\\/wp-content\\\/uploads\\\/2022\\\/05\\\/cropped-cropped-cropped-logo-3.png\",\"contentUrl\":\"https:\\\/\\\/cojep.com\\\/wp-content\\\/uploads\\\/2022\\\/05\\\/cropped-cropped-cropped-logo-3.png\",\"width\":512,\"height\":512,\"caption\":\"Cojep International\"},\"image\":{\"@id\":\"https:\\\/\\\/cojep.com\\\/#\\\/schema\\\/logo\\\/image\\\/\"}},{\"@type\":\"Person\",\"@id\":\"https:\\\/\\\/cojep.com\\\/#\\\/schema\\\/person\\\/1ecf08016acfd3d6a23e474b711b28f9\",\"name\":\"Admin Cojep\",\"image\":{\"@type\":\"ImageObject\",\"inLanguage\":\"tr\",\"@id\":\"https:\\\/\\\/secure.gravatar.com\\\/avatar\\\/dcce3d5ee953d671cf8bce58041662d10b8577ace29a5e06173a432c53fcc587?s=96&d=mm&r=g\",\"url\":\"https:\\\/\\\/secure.gravatar.com\\\/avatar\\\/dcce3d5ee953d671cf8bce58041662d10b8577ace29a5e06173a432c53fcc587?s=96&d=mm&r=g\",\"contentUrl\":\"https:\\\/\\\/secure.gravatar.com\\\/avatar\\\/dcce3d5ee953d671cf8bce58041662d10b8577ace29a5e06173a432c53fcc587?s=96&d=mm&r=g\",\"caption\":\"Admin Cojep\"},\"sameAs\":[\"http:\\\/\\\/www.cojep.com\"]}]}<\/script>\n<!-- \/ Yoast SEO plugin. -->","yoast_head_json":{"title":"ORIW : Rapport 2017-2018 sur le Racisme et l\u2019Islamophobie dans les pays europ\u00e9ens - Cojep International","robots":{"index":"index","follow":"follow","max-snippet":"max-snippet:-1","max-image-preview":"max-image-preview:large","max-video-preview":"max-video-preview:-1"},"canonical":"https:\/\/cojep.com\/tr\/cojep\/rapports-cojep\/2018\/10\/05\/1005\/","og_locale":"tr_TR","og_type":"article","og_title":"ORIW : Rapport 2017-2018 sur le Racisme et l\u2019Islamophobie dans les pays europ\u00e9ens - Cojep International","og_description":"ORIW, \u00ab Organization Racisme Islamophobia Watch \u00bb, est une organisation qui\u00a0travaille avec des experts et des avocats afin de lutter contre l\u2019islamophobie et le racisme dans les pays francophones.","og_url":"https:\/\/cojep.com\/tr\/cojep\/rapports-cojep\/2018\/10\/05\/1005\/","og_site_name":"Cojep International","article_published_time":"2018-10-05T07:16:16+00:00","article_modified_time":"2021-01-10T21:41:52+00:00","og_image":[{"width":720,"height":538,"url":"https:\/\/cojep.com\/wp-content\/uploads\/2018\/10\/oriw-rapport.jpg","type":"image\/jpeg"}],"author":"Admin Cojep","twitter_card":"summary_large_image","twitter_misc":{"Yazan:":"Admin Cojep","Tahmini okuma s\u00fcresi":"1 dakika"},"schema":{"@context":"https:\/\/schema.org","@graph":[{"@type":"Article","@id":"https:\/\/cojep.com\/tr\/cojep\/rapports-cojep\/2018\/10\/05\/1005\/#article","isPartOf":{"@id":"https:\/\/cojep.com\/tr\/cojep\/rapports-cojep\/2018\/10\/05\/1005\/"},"author":{"name":"Admin Cojep","@id":"https:\/\/cojep.com\/#\/schema\/person\/1ecf08016acfd3d6a23e474b711b28f9"},"headline":"ORIW : Rapport 2017-2018 sur le Racisme et l\u2019Islamophobie dans les pays europ\u00e9ens","datePublished":"2018-10-05T07:16:16+00:00","dateModified":"2021-01-10T21:41:52+00:00","mainEntityOfPage":{"@id":"https:\/\/cojep.com\/tr\/cojep\/rapports-cojep\/2018\/10\/05\/1005\/"},"wordCount":144,"commentCount":0,"publisher":{"@id":"https:\/\/cojep.com\/#organization"},"image":{"@id":"https:\/\/cojep.com\/tr\/cojep\/rapports-cojep\/2018\/10\/05\/1005\/#primaryimage"},"thumbnailUrl":"https:\/\/cojep.com\/wp-content\/uploads\/2018\/10\/oriw-rapport.jpg","keywords":["discrimination","islam","islamofobi","islamophobia","islamophobie","oriw","racisme","rapport"],"articleSection":["Nos rapports"],"inLanguage":"tr","potentialAction":[{"@type":"CommentAction","name":"Comment","target":["https:\/\/cojep.com\/tr\/cojep\/rapports-cojep\/2018\/10\/05\/1005\/#respond"]}]},{"@type":"WebPage","@id":"https:\/\/cojep.com\/tr\/cojep\/rapports-cojep\/2018\/10\/05\/1005\/","url":"https:\/\/cojep.com\/tr\/cojep\/rapports-cojep\/2018\/10\/05\/1005\/","name":"ORIW : Rapport 2017-2018 sur le Racisme et l\u2019Islamophobie dans les pays europ\u00e9ens - Cojep International","isPartOf":{"@id":"https:\/\/cojep.com\/#website"},"primaryImageOfPage":{"@id":"https:\/\/cojep.com\/tr\/cojep\/rapports-cojep\/2018\/10\/05\/1005\/#primaryimage"},"image":{"@id":"https:\/\/cojep.com\/tr\/cojep\/rapports-cojep\/2018\/10\/05\/1005\/#primaryimage"},"thumbnailUrl":"https:\/\/cojep.com\/wp-content\/uploads\/2018\/10\/oriw-rapport.jpg","datePublished":"2018-10-05T07:16:16+00:00","dateModified":"2021-01-10T21:41:52+00:00","inLanguage":"tr","potentialAction":[{"@type":"ReadAction","target":["https:\/\/cojep.com\/tr\/cojep\/rapports-cojep\/2018\/10\/05\/1005\/"]}]},{"@type":"ImageObject","inLanguage":"tr","@id":"https:\/\/cojep.com\/tr\/cojep\/rapports-cojep\/2018\/10\/05\/1005\/#primaryimage","url":"https:\/\/cojep.com\/wp-content\/uploads\/2018\/10\/oriw-rapport.jpg","contentUrl":"https:\/\/cojep.com\/wp-content\/uploads\/2018\/10\/oriw-rapport.jpg","width":720,"height":538,"caption":"islamophobie oriw"},{"@type":"WebSite","@id":"https:\/\/cojep.com\/#website","url":"https:\/\/cojep.com\/","name":"Cojep International","description":"Adalet, E\u015fitlik ve Bar\u0131\u015f Konseyi","publisher":{"@id":"https:\/\/cojep.com\/#organization"},"potentialAction":[{"@type":"SearchAction","target":{"@type":"EntryPoint","urlTemplate":"https:\/\/cojep.com\/?s={search_term_string}"},"query-input":{"@type":"PropertyValueSpecification","valueRequired":true,"valueName":"search_term_string"}}],"inLanguage":"tr"},{"@type":"Organization","@id":"https:\/\/cojep.com\/#organization","name":"Cojep International","url":"https:\/\/cojep.com\/","logo":{"@type":"ImageObject","inLanguage":"tr","@id":"https:\/\/cojep.com\/#\/schema\/logo\/image\/","url":"https:\/\/cojep.com\/wp-content\/uploads\/2022\/05\/cropped-cropped-cropped-logo-3.png","contentUrl":"https:\/\/cojep.com\/wp-content\/uploads\/2022\/05\/cropped-cropped-cropped-logo-3.png","width":512,"height":512,"caption":"Cojep International"},"image":{"@id":"https:\/\/cojep.com\/#\/schema\/logo\/image\/"}},{"@type":"Person","@id":"https:\/\/cojep.com\/#\/schema\/person\/1ecf08016acfd3d6a23e474b711b28f9","name":"Admin Cojep","image":{"@type":"ImageObject","inLanguage":"tr","@id":"https:\/\/secure.gravatar.com\/avatar\/dcce3d5ee953d671cf8bce58041662d10b8577ace29a5e06173a432c53fcc587?s=96&d=mm&r=g","url":"https:\/\/secure.gravatar.com\/avatar\/dcce3d5ee953d671cf8bce58041662d10b8577ace29a5e06173a432c53fcc587?s=96&d=mm&r=g","contentUrl":"https:\/\/secure.gravatar.com\/avatar\/dcce3d5ee953d671cf8bce58041662d10b8577ace29a5e06173a432c53fcc587?s=96&d=mm&r=g","caption":"Admin Cojep"},"sameAs":["http:\/\/www.cojep.com"]}]}},"_links":{"self":[{"href":"https:\/\/cojep.com\/tr\/wp-json\/wp\/v2\/posts\/1005","targetHints":{"allow":["GET"]}}],"collection":[{"href":"https:\/\/cojep.com\/tr\/wp-json\/wp\/v2\/posts"}],"about":[{"href":"https:\/\/cojep.com\/tr\/wp-json\/wp\/v2\/types\/post"}],"author":[{"embeddable":true,"href":"https:\/\/cojep.com\/tr\/wp-json\/wp\/v2\/users\/2"}],"replies":[{"embeddable":true,"href":"https:\/\/cojep.com\/tr\/wp-json\/wp\/v2\/comments?post=1005"}],"version-history":[{"count":0,"href":"https:\/\/cojep.com\/tr\/wp-json\/wp\/v2\/posts\/1005\/revisions"}],"wp:featuredmedia":[{"embeddable":true,"href":"https:\/\/cojep.com\/tr\/wp-json\/wp\/v2\/media\/1973"}],"wp:attachment":[{"href":"https:\/\/cojep.com\/tr\/wp-json\/wp\/v2\/media?parent=1005"}],"wp:term":[{"taxonomy":"category","embeddable":true,"href":"https:\/\/cojep.com\/tr\/wp-json\/wp\/v2\/categories?post=1005"},{"taxonomy":"post_tag","embeddable":true,"href":"https:\/\/cojep.com\/tr\/wp-json\/wp\/v2\/tags?post=1005"}],"curies":[{"name":"wp","href":"https:\/\/api.w.org\/{rel}","templated":true}]}}