{"id":1218,"date":"2019-03-10T13:03:52","date_gmt":"2019-03-10T13:03:52","guid":{"rendered":"https:\/\/cojep.com\/?p=1218"},"modified":"2021-01-08T21:39:15","modified_gmt":"2021-01-08T21:39:15","slug":"communique-soutien-a-la-boulangere-de-levallois-perret-me-pauline","status":"publish","type":"post","link":"https:\/\/cojep.com\/tr\/communique-de-presse\/2019\/03\/10\/communique-soutien-a-la-boulangere-de-levallois-perret-me-pauline\/","title":{"rendered":"Communiqu\u00e9 : Soutien \u00e0 la boulang\u00e8re de Levallois-Perret, Me Pauline"},"content":{"rendered":"<p><img loading=\"lazy\" decoding=\"async\" class=\"alignleft size-medium wp-image-1219\" src=\"https:\/\/cojep.com\/wp-content\/uploads\/2019\/03\/bread-315690_960_720-300x200.jpg\" alt=\"\" width=\"300\" height=\"200\" srcset=\"https:\/\/cojep.com\/wp-content\/uploads\/2019\/03\/bread-315690_960_720-300x200.jpg 300w, https:\/\/cojep.com\/wp-content\/uploads\/2019\/03\/bread-315690_960_720-768x512.jpg 768w, https:\/\/cojep.com\/wp-content\/uploads\/2019\/03\/bread-315690_960_720-696x464.jpg 696w, https:\/\/cojep.com\/wp-content\/uploads\/2019\/03\/bread-315690_960_720-630x420.jpg 630w, https:\/\/cojep.com\/wp-content\/uploads\/2019\/03\/bread-315690_960_720.jpg 960w\" sizes=\"auto, (max-width: 300px) 100vw, 300px\" \/>Le Conseil pour la Justice, l\u2019Egalit\u00e9 et Paix (COJEP) tenait \u00e0 affirmer son soutien \u00e0 madame Pauline C., une commer\u00e7ante dans la ville de Levallois-Perret victime d\u2019insultes racistes dans son lieu de travail.<\/p>\n<p><!--more--><\/p>\n<p>Nous souhaitons aussi remercier la Ligue de D\u00e9fense Noire Africaine (LDNA), ainsi qu\u2019\u00e0 madame la secr\u00e9taire d\u2019Etat \u00e0 l\u2019\u00e9galit\u00e9 femmes-hommes et la lutte contre les discriminations Marl\u00e8ne Schiappa, pour leurs prises de positions respectives en faveur de \u00ab madame Pauline \u00bb, d\u00e9non\u00e7ant unanimement les insultes racistes dont est confront\u00e9e cette boulang\u00e8re au quotidien.<\/p>\n<p>Le COJEP condamne le manque de r\u00e9actions ad\u00e9quat des autorit\u00e9s publiques dans cette situation pourtant au combien inacceptable en France, dans le pays des Droits de l\u2019Homme.<\/p>\n<p>Nous rappelons que la loi interdit et sanctionne le racisme et les discriminations, lorsqu\u2019il s\u2019exprime sous ses diff\u00e9rentes formes comme les propos injurieux, les comportements<br \/>\ndiscriminatoires, ou lors de violences physiques.<\/p>\n<p>Face au racisme quel qu\u2019il soit, le COJEP appelle une tol\u00e9rance z\u00e9ro. Aucuns d\u00e9saccords d\u2019ordre administratif ne peuvent justifier les injures racistes et x\u00e9nophobes dont a \u00e9t\u00e9 victime cette commer\u00e7ante.<\/p>\n<p>La Justice se doit de se saisir de cette affaire dans les plus brefs d\u00e9lais afin de p\u00e9naliser les<br \/>\nfautifs.<\/p>","protected":false},"excerpt":{"rendered":"<p>Le Conseil pour la Justice, l\u2019Egalit\u00e9 et Paix (COJEP) tenait \u00e0 affirmer son soutien \u00e0 madame Pauline C., une commer\u00e7ante dans la ville de Levallois-Perret victime d\u2019insultes racistes dans son lieu de travail.<\/p>","protected":false},"author":2,"featured_media":1219,"comment_status":"open","ping_status":"open","sticky":false,"template":"","format":"standard","meta":{"footnotes":""},"categories":[143],"tags":[134,286,284,282,281,283,133,285],"class_list":["post-1218","post","type-post","status-publish","format-standard","has-post-thumbnail","hentry","category-communique-de-presse","tag-discrimination","tag-injures","tag-ldna","tag-levallois","tag-pauline","tag-perret","tag-racisme","tag-schiappa"],"yoast_head":"<!-- This site is optimized with the Yoast SEO plugin v27.3 - https:\/\/yoast.com\/product\/yoast-seo-wordpress\/ -->\n<title>Communiqu\u00e9 : Soutien \u00e0 la boulang\u00e8re de Levallois-Perret, Me Pauline - Cojep International<\/title>\n<meta name=\"robots\" content=\"index, follow, max-snippet:-1, max-image-preview:large, max-video-preview:-1\" \/>\n<link rel=\"canonical\" href=\"https:\/\/cojep.com\/tr\/communique-de-presse\/2019\/03\/10\/communique-soutien-a-la-boulangere-de-levallois-perret-me-pauline\/\" \/>\n<meta property=\"og:locale\" content=\"tr_TR\" \/>\n<meta property=\"og:type\" content=\"article\" \/>\n<meta property=\"og:title\" content=\"Communiqu\u00e9 : Soutien \u00e0 la boulang\u00e8re de Levallois-Perret, Me Pauline - Cojep International\" \/>\n<meta property=\"og:description\" content=\"Le Conseil pour la Justice, l\u2019Egalit\u00e9 et Paix (COJEP) tenait \u00e0 affirmer son soutien \u00e0 madame Pauline C., une commer\u00e7ante dans la ville de Levallois-Perret victime d\u2019insultes racistes dans son lieu de travail.\" \/>\n<meta property=\"og:url\" content=\"https:\/\/cojep.com\/tr\/communique-de-presse\/2019\/03\/10\/communique-soutien-a-la-boulangere-de-levallois-perret-me-pauline\/\" \/>\n<meta property=\"og:site_name\" content=\"Cojep International\" \/>\n<meta property=\"article:published_time\" content=\"2019-03-10T13:03:52+00:00\" \/>\n<meta property=\"article:modified_time\" content=\"2021-01-08T21:39:15+00:00\" \/>\n<meta property=\"og:image\" content=\"https:\/\/cojep.com\/wp-content\/uploads\/2019\/03\/bread-315690_960_720.jpg\" \/>\n\t<meta property=\"og:image:width\" content=\"960\" \/>\n\t<meta property=\"og:image:height\" content=\"640\" \/>\n\t<meta property=\"og:image:type\" content=\"image\/jpeg\" \/>\n<meta name=\"author\" content=\"Admin Cojep\" \/>\n<meta name=\"twitter:card\" content=\"summary_large_image\" \/>\n<meta name=\"twitter:label1\" content=\"Yazan:\" \/>\n\t<meta name=\"twitter:data1\" content=\"Admin Cojep\" \/>\n\t<meta name=\"twitter:label2\" content=\"Tahmini okuma s\u00fcresi\" \/>\n\t<meta name=\"twitter:data2\" content=\"1 dakika\" \/>\n<script type=\"application\/ld+json\" class=\"yoast-schema-graph\">{\"@context\":\"https:\\\/\\\/schema.org\",\"@graph\":[{\"@type\":\"Article\",\"@id\":\"https:\\\/\\\/cojep.com\\\/tr\\\/communique-de-presse\\\/2019\\\/03\\\/10\\\/communique-soutien-a-la-boulangere-de-levallois-perret-me-pauline\\\/#article\",\"isPartOf\":{\"@id\":\"https:\\\/\\\/cojep.com\\\/tr\\\/communique-de-presse\\\/2019\\\/03\\\/10\\\/communique-soutien-a-la-boulangere-de-levallois-perret-me-pauline\\\/\"},\"author\":{\"name\":\"Admin Cojep\",\"@id\":\"https:\\\/\\\/cojep.com\\\/#\\\/schema\\\/person\\\/1ecf08016acfd3d6a23e474b711b28f9\"},\"headline\":\"Communiqu\u00e9 : Soutien \u00e0 la boulang\u00e8re de Levallois-Perret, Me Pauline\",\"datePublished\":\"2019-03-10T13:03:52+00:00\",\"dateModified\":\"2021-01-08T21:39:15+00:00\",\"mainEntityOfPage\":{\"@id\":\"https:\\\/\\\/cojep.com\\\/tr\\\/communique-de-presse\\\/2019\\\/03\\\/10\\\/communique-soutien-a-la-boulangere-de-levallois-perret-me-pauline\\\/\"},\"wordCount\":226,\"commentCount\":0,\"publisher\":{\"@id\":\"https:\\\/\\\/cojep.com\\\/#organization\"},\"image\":{\"@id\":\"https:\\\/\\\/cojep.com\\\/tr\\\/communique-de-presse\\\/2019\\\/03\\\/10\\\/communique-soutien-a-la-boulangere-de-levallois-perret-me-pauline\\\/#primaryimage\"},\"thumbnailUrl\":\"https:\\\/\\\/cojep.com\\\/wp-content\\\/uploads\\\/2019\\\/03\\\/bread-315690_960_720.jpg\",\"keywords\":[\"discrimination\",\"injures\",\"ldna\",\"levallois\",\"pauline\",\"perret\",\"racisme\",\"schiappa\"],\"articleSection\":[\"Communiqu\u00e9\"],\"inLanguage\":\"tr\",\"potentialAction\":[{\"@type\":\"CommentAction\",\"name\":\"Comment\",\"target\":[\"https:\\\/\\\/cojep.com\\\/tr\\\/communique-de-presse\\\/2019\\\/03\\\/10\\\/communique-soutien-a-la-boulangere-de-levallois-perret-me-pauline\\\/#respond\"]}]},{\"@type\":\"WebPage\",\"@id\":\"https:\\\/\\\/cojep.com\\\/tr\\\/communique-de-presse\\\/2019\\\/03\\\/10\\\/communique-soutien-a-la-boulangere-de-levallois-perret-me-pauline\\\/\",\"url\":\"https:\\\/\\\/cojep.com\\\/tr\\\/communique-de-presse\\\/2019\\\/03\\\/10\\\/communique-soutien-a-la-boulangere-de-levallois-perret-me-pauline\\\/\",\"name\":\"Communiqu\u00e9 : Soutien \u00e0 la boulang\u00e8re de Levallois-Perret, Me Pauline - Cojep International\",\"isPartOf\":{\"@id\":\"https:\\\/\\\/cojep.com\\\/#website\"},\"primaryImageOfPage\":{\"@id\":\"https:\\\/\\\/cojep.com\\\/tr\\\/communique-de-presse\\\/2019\\\/03\\\/10\\\/communique-soutien-a-la-boulangere-de-levallois-perret-me-pauline\\\/#primaryimage\"},\"image\":{\"@id\":\"https:\\\/\\\/cojep.com\\\/tr\\\/communique-de-presse\\\/2019\\\/03\\\/10\\\/communique-soutien-a-la-boulangere-de-levallois-perret-me-pauline\\\/#primaryimage\"},\"thumbnailUrl\":\"https:\\\/\\\/cojep.com\\\/wp-content\\\/uploads\\\/2019\\\/03\\\/bread-315690_960_720.jpg\",\"datePublished\":\"2019-03-10T13:03:52+00:00\",\"dateModified\":\"2021-01-08T21:39:15+00:00\",\"inLanguage\":\"tr\",\"potentialAction\":[{\"@type\":\"ReadAction\",\"target\":[\"https:\\\/\\\/cojep.com\\\/tr\\\/communique-de-presse\\\/2019\\\/03\\\/10\\\/communique-soutien-a-la-boulangere-de-levallois-perret-me-pauline\\\/\"]}]},{\"@type\":\"ImageObject\",\"inLanguage\":\"tr\",\"@id\":\"https:\\\/\\\/cojep.com\\\/tr\\\/communique-de-presse\\\/2019\\\/03\\\/10\\\/communique-soutien-a-la-boulangere-de-levallois-perret-me-pauline\\\/#primaryimage\",\"url\":\"https:\\\/\\\/cojep.com\\\/wp-content\\\/uploads\\\/2019\\\/03\\\/bread-315690_960_720.jpg\",\"contentUrl\":\"https:\\\/\\\/cojep.com\\\/wp-content\\\/uploads\\\/2019\\\/03\\\/bread-315690_960_720.jpg\",\"width\":960,\"height\":640},{\"@type\":\"WebSite\",\"@id\":\"https:\\\/\\\/cojep.com\\\/#website\",\"url\":\"https:\\\/\\\/cojep.com\\\/\",\"name\":\"Cojep International\",\"description\":\"Conseil pour la Justice, l&#039;Egalit\u00e9 et la Paix\",\"publisher\":{\"@id\":\"https:\\\/\\\/cojep.com\\\/#organization\"},\"potentialAction\":[{\"@type\":\"SearchAction\",\"target\":{\"@type\":\"EntryPoint\",\"urlTemplate\":\"https:\\\/\\\/cojep.com\\\/?s={search_term_string}\"},\"query-input\":{\"@type\":\"PropertyValueSpecification\",\"valueRequired\":true,\"valueName\":\"search_term_string\"}}],\"inLanguage\":\"tr\"},{\"@type\":\"Organization\",\"@id\":\"https:\\\/\\\/cojep.com\\\/#organization\",\"name\":\"Cojep International\",\"url\":\"https:\\\/\\\/cojep.com\\\/\",\"logo\":{\"@type\":\"ImageObject\",\"inLanguage\":\"tr\",\"@id\":\"https:\\\/\\\/cojep.com\\\/#\\\/schema\\\/logo\\\/image\\\/\",\"url\":\"https:\\\/\\\/cojep.com\\\/wp-content\\\/uploads\\\/2022\\\/05\\\/cropped-cropped-cropped-logo-3.png\",\"contentUrl\":\"https:\\\/\\\/cojep.com\\\/wp-content\\\/uploads\\\/2022\\\/05\\\/cropped-cropped-cropped-logo-3.png\",\"width\":512,\"height\":512,\"caption\":\"Cojep International\"},\"image\":{\"@id\":\"https:\\\/\\\/cojep.com\\\/#\\\/schema\\\/logo\\\/image\\\/\"}},{\"@type\":\"Person\",\"@id\":\"https:\\\/\\\/cojep.com\\\/#\\\/schema\\\/person\\\/1ecf08016acfd3d6a23e474b711b28f9\",\"name\":\"Admin Cojep\",\"image\":{\"@type\":\"ImageObject\",\"inLanguage\":\"tr\",\"@id\":\"https:\\\/\\\/secure.gravatar.com\\\/avatar\\\/dcce3d5ee953d671cf8bce58041662d10b8577ace29a5e06173a432c53fcc587?s=96&d=mm&r=g\",\"url\":\"https:\\\/\\\/secure.gravatar.com\\\/avatar\\\/dcce3d5ee953d671cf8bce58041662d10b8577ace29a5e06173a432c53fcc587?s=96&d=mm&r=g\",\"contentUrl\":\"https:\\\/\\\/secure.gravatar.com\\\/avatar\\\/dcce3d5ee953d671cf8bce58041662d10b8577ace29a5e06173a432c53fcc587?s=96&d=mm&r=g\",\"caption\":\"Admin Cojep\"},\"sameAs\":[\"http:\\\/\\\/www.cojep.com\"]}]}<\/script>\n<!-- \/ Yoast SEO plugin. -->","yoast_head_json":{"title":"Communiqu\u00e9 : Soutien \u00e0 la boulang\u00e8re de Levallois-Perret, Me Pauline - Cojep International","robots":{"index":"index","follow":"follow","max-snippet":"max-snippet:-1","max-image-preview":"max-image-preview:large","max-video-preview":"max-video-preview:-1"},"canonical":"https:\/\/cojep.com\/tr\/communique-de-presse\/2019\/03\/10\/communique-soutien-a-la-boulangere-de-levallois-perret-me-pauline\/","og_locale":"tr_TR","og_type":"article","og_title":"Communiqu\u00e9 : Soutien \u00e0 la boulang\u00e8re de Levallois-Perret, Me Pauline - Cojep International","og_description":"Le Conseil pour la Justice, l\u2019Egalit\u00e9 et Paix (COJEP) tenait \u00e0 affirmer son soutien \u00e0 madame Pauline C., une commer\u00e7ante dans la ville de Levallois-Perret victime d\u2019insultes racistes dans son lieu de travail.","og_url":"https:\/\/cojep.com\/tr\/communique-de-presse\/2019\/03\/10\/communique-soutien-a-la-boulangere-de-levallois-perret-me-pauline\/","og_site_name":"Cojep International","article_published_time":"2019-03-10T13:03:52+00:00","article_modified_time":"2021-01-08T21:39:15+00:00","og_image":[{"width":960,"height":640,"url":"https:\/\/cojep.com\/wp-content\/uploads\/2019\/03\/bread-315690_960_720.jpg","type":"image\/jpeg"}],"author":"Admin Cojep","twitter_card":"summary_large_image","twitter_misc":{"Yazan:":"Admin Cojep","Tahmini okuma s\u00fcresi":"1 dakika"},"schema":{"@context":"https:\/\/schema.org","@graph":[{"@type":"Article","@id":"https:\/\/cojep.com\/tr\/communique-de-presse\/2019\/03\/10\/communique-soutien-a-la-boulangere-de-levallois-perret-me-pauline\/#article","isPartOf":{"@id":"https:\/\/cojep.com\/tr\/communique-de-presse\/2019\/03\/10\/communique-soutien-a-la-boulangere-de-levallois-perret-me-pauline\/"},"author":{"name":"Admin Cojep","@id":"https:\/\/cojep.com\/#\/schema\/person\/1ecf08016acfd3d6a23e474b711b28f9"},"headline":"Communiqu\u00e9 : Soutien \u00e0 la boulang\u00e8re de Levallois-Perret, Me Pauline","datePublished":"2019-03-10T13:03:52+00:00","dateModified":"2021-01-08T21:39:15+00:00","mainEntityOfPage":{"@id":"https:\/\/cojep.com\/tr\/communique-de-presse\/2019\/03\/10\/communique-soutien-a-la-boulangere-de-levallois-perret-me-pauline\/"},"wordCount":226,"commentCount":0,"publisher":{"@id":"https:\/\/cojep.com\/#organization"},"image":{"@id":"https:\/\/cojep.com\/tr\/communique-de-presse\/2019\/03\/10\/communique-soutien-a-la-boulangere-de-levallois-perret-me-pauline\/#primaryimage"},"thumbnailUrl":"https:\/\/cojep.com\/wp-content\/uploads\/2019\/03\/bread-315690_960_720.jpg","keywords":["discrimination","injures","ldna","levallois","pauline","perret","racisme","schiappa"],"articleSection":["Communiqu\u00e9"],"inLanguage":"tr","potentialAction":[{"@type":"CommentAction","name":"Comment","target":["https:\/\/cojep.com\/tr\/communique-de-presse\/2019\/03\/10\/communique-soutien-a-la-boulangere-de-levallois-perret-me-pauline\/#respond"]}]},{"@type":"WebPage","@id":"https:\/\/cojep.com\/tr\/communique-de-presse\/2019\/03\/10\/communique-soutien-a-la-boulangere-de-levallois-perret-me-pauline\/","url":"https:\/\/cojep.com\/tr\/communique-de-presse\/2019\/03\/10\/communique-soutien-a-la-boulangere-de-levallois-perret-me-pauline\/","name":"Communiqu\u00e9 : Soutien \u00e0 la boulang\u00e8re de Levallois-Perret, Me Pauline - Cojep International","isPartOf":{"@id":"https:\/\/cojep.com\/#website"},"primaryImageOfPage":{"@id":"https:\/\/cojep.com\/tr\/communique-de-presse\/2019\/03\/10\/communique-soutien-a-la-boulangere-de-levallois-perret-me-pauline\/#primaryimage"},"image":{"@id":"https:\/\/cojep.com\/tr\/communique-de-presse\/2019\/03\/10\/communique-soutien-a-la-boulangere-de-levallois-perret-me-pauline\/#primaryimage"},"thumbnailUrl":"https:\/\/cojep.com\/wp-content\/uploads\/2019\/03\/bread-315690_960_720.jpg","datePublished":"2019-03-10T13:03:52+00:00","dateModified":"2021-01-08T21:39:15+00:00","inLanguage":"tr","potentialAction":[{"@type":"ReadAction","target":["https:\/\/cojep.com\/tr\/communique-de-presse\/2019\/03\/10\/communique-soutien-a-la-boulangere-de-levallois-perret-me-pauline\/"]}]},{"@type":"ImageObject","inLanguage":"tr","@id":"https:\/\/cojep.com\/tr\/communique-de-presse\/2019\/03\/10\/communique-soutien-a-la-boulangere-de-levallois-perret-me-pauline\/#primaryimage","url":"https:\/\/cojep.com\/wp-content\/uploads\/2019\/03\/bread-315690_960_720.jpg","contentUrl":"https:\/\/cojep.com\/wp-content\/uploads\/2019\/03\/bread-315690_960_720.jpg","width":960,"height":640},{"@type":"WebSite","@id":"https:\/\/cojep.com\/#website","url":"https:\/\/cojep.com\/","name":"Cojep International","description":"Adalet, E\u015fitlik ve Bar\u0131\u015f Konseyi","publisher":{"@id":"https:\/\/cojep.com\/#organization"},"potentialAction":[{"@type":"SearchAction","target":{"@type":"EntryPoint","urlTemplate":"https:\/\/cojep.com\/?s={search_term_string}"},"query-input":{"@type":"PropertyValueSpecification","valueRequired":true,"valueName":"search_term_string"}}],"inLanguage":"tr"},{"@type":"Organization","@id":"https:\/\/cojep.com\/#organization","name":"Cojep International","url":"https:\/\/cojep.com\/","logo":{"@type":"ImageObject","inLanguage":"tr","@id":"https:\/\/cojep.com\/#\/schema\/logo\/image\/","url":"https:\/\/cojep.com\/wp-content\/uploads\/2022\/05\/cropped-cropped-cropped-logo-3.png","contentUrl":"https:\/\/cojep.com\/wp-content\/uploads\/2022\/05\/cropped-cropped-cropped-logo-3.png","width":512,"height":512,"caption":"Cojep International"},"image":{"@id":"https:\/\/cojep.com\/#\/schema\/logo\/image\/"}},{"@type":"Person","@id":"https:\/\/cojep.com\/#\/schema\/person\/1ecf08016acfd3d6a23e474b711b28f9","name":"Admin Cojep","image":{"@type":"ImageObject","inLanguage":"tr","@id":"https:\/\/secure.gravatar.com\/avatar\/dcce3d5ee953d671cf8bce58041662d10b8577ace29a5e06173a432c53fcc587?s=96&d=mm&r=g","url":"https:\/\/secure.gravatar.com\/avatar\/dcce3d5ee953d671cf8bce58041662d10b8577ace29a5e06173a432c53fcc587?s=96&d=mm&r=g","contentUrl":"https:\/\/secure.gravatar.com\/avatar\/dcce3d5ee953d671cf8bce58041662d10b8577ace29a5e06173a432c53fcc587?s=96&d=mm&r=g","caption":"Admin Cojep"},"sameAs":["http:\/\/www.cojep.com"]}]}},"_links":{"self":[{"href":"https:\/\/cojep.com\/tr\/wp-json\/wp\/v2\/posts\/1218","targetHints":{"allow":["GET"]}}],"collection":[{"href":"https:\/\/cojep.com\/tr\/wp-json\/wp\/v2\/posts"}],"about":[{"href":"https:\/\/cojep.com\/tr\/wp-json\/wp\/v2\/types\/post"}],"author":[{"embeddable":true,"href":"https:\/\/cojep.com\/tr\/wp-json\/wp\/v2\/users\/2"}],"replies":[{"embeddable":true,"href":"https:\/\/cojep.com\/tr\/wp-json\/wp\/v2\/comments?post=1218"}],"version-history":[{"count":0,"href":"https:\/\/cojep.com\/tr\/wp-json\/wp\/v2\/posts\/1218\/revisions"}],"wp:featuredmedia":[{"embeddable":true,"href":"https:\/\/cojep.com\/tr\/wp-json\/wp\/v2\/media\/1219"}],"wp:attachment":[{"href":"https:\/\/cojep.com\/tr\/wp-json\/wp\/v2\/media?parent=1218"}],"wp:term":[{"taxonomy":"category","embeddable":true,"href":"https:\/\/cojep.com\/tr\/wp-json\/wp\/v2\/categories?post=1218"},{"taxonomy":"post_tag","embeddable":true,"href":"https:\/\/cojep.com\/tr\/wp-json\/wp\/v2\/tags?post=1218"}],"curies":[{"name":"wp","href":"https:\/\/api.w.org\/{rel}","templated":true}]}}