{"id":1709,"date":"2020-11-19T06:55:28","date_gmt":"2020-11-19T06:55:28","guid":{"rendered":"https:\/\/cojep.com\/?p=1709"},"modified":"2021-01-11T15:13:05","modified_gmt":"2021-01-11T15:13:05","slug":"communique-dernieres-nouvelles-dalsace-du-6-novembre-2020","status":"publish","type":"post","link":"https:\/\/cojep.com\/tr\/communique-de-presse\/2020\/11\/19\/communique-dernieres-nouvelles-dalsace-du-6-novembre-2020\/","title":{"rendered":"R\u00e9ponses aux Derni\u00e8res Nouvelles d\u2019Alsace"},"content":{"rendered":"<p><img loading=\"lazy\" decoding=\"async\" class=\"alignleft size-full wp-image-1613\" src=\"https:\/\/cojep.com\/wp-content\/uploads\/2020\/01\/cojep_small_png.png\" alt=\"\" width=\"150\" height=\"123\" \/><strong>Nous avons \u00e9t\u00e9 surpris, et m\u00eame choqu\u00e9s, par l\u2019article publi\u00e9 dans les Derni\u00e8res Nouvelles d\u2019Alsace le 6 novembre titr\u00e9 \u00ab Pendant qu\u2019Erdogan \u00e9ructe, la communaut\u00e9 turque joue l\u2019apaisement en Alsace \u00bb sous la plume de votre journaliste Olivier Claudon.<\/strong><!--more-->En effet, nous avons \u00e9t\u00e9 stup\u00e9faits par les approximations et les amalgames de l\u2019article sans parler de son caract\u00e8re tr\u00e8s \u00e0 charge.<\/p>\n<p>Dans un contexte d\u00e9j\u00e0 difficile, il nous semble irresponsable de la part d\u2019un journal aussi prestigieux que le votre d\u2019ajouter de l\u2019huile sur le feu, notamment en stigmatisant une communaut\u00e9 et ses repr\u00e9sentants, qui font d\u00e9j\u00e0 l\u2019objet de nombreuses attaques et discriminations en raison de leur origine ou de leur appartenance religieuse. Au moment o\u00f9 Amnesty International alerte sur le danger de l\u2019islamophobie en France, alimenter les amalgames sur le plan m\u00e9diatique ne peut en aucun cas am\u00e9liorer la situation.<\/p>\n<p>Les fran\u00e7ais d&rsquo;origine turque sont pour leur grande majorit\u00e9 des gens responsables et respectueux des lois de la R\u00e9publique. De plus, la communaut\u00e9 franco-turque contribue \u00e9norm\u00e9ment \u00e0 l\u2019int\u00e9r\u00eat g\u00e9n\u00e9ral, notamment sur le plan \u00e9conomique et entrepreneurial.<\/p>\n<p>On peut tout \u00e0 fait \u00eatre des citoyens fran\u00e7ais \u00e0 part enti\u00e8re tout en \u00e9tant attach\u00e9s \u00e0 son pays d\u2019origine et en ayant une double culture. Les Franco-turcs ont des sensibilit\u00e9s diff\u00e9rentes concernant la politique turque, et ils sont plus \u00e0 m\u00eame que des commentateurs fran\u00e7ais d\u2019expliquer la r\u00e9alit\u00e9 de la Turquie dans sa complexit\u00e9.<\/p>\n<p>Nous sommes toujours surpris de voir des gens qui ne connaissent pas grand-chose au sujet et ayant une vision id\u00e9ologique tr\u00e8s hostile b\u00e9n\u00e9ficier d\u2019autant d\u2019espaces d\u2019expression sans m\u00eame que nous puissions leur r\u00e9pondre \u00e0 \u00e9galit\u00e9.<\/p>\n<p>Or, l\u2019association COJEP est cit\u00e9e et caricatur\u00e9e dans l\u2019article sans m\u00eame avoir \u00e9t\u00e9 interview\u00e9e pour donner son point vu, alors m\u00eame que des militants pro-PKK (organisation consid\u00e9r\u00e9e comme terroriste par la France et l\u2019Union Europ\u00e9enne) ont eu la parole !<\/p>\n<p>L\u2019association COJEP a \u00e9t\u00e9 cr\u00e9\u00e9e dans les ann\u00e9es 1985, bien avant l\u2019arriv\u00e9e au pouvoir d\u2019Erdogan en Turquie, et n\u2019a aucun lien structurel ou hi\u00e9rarchique avec l\u2019\u00c9tat turc. Les membres de l\u2019ONG ne sont d\u2019ailleurs pas tous d\u2019origine turque et ont des sensibilit\u00e9s politiques diff\u00e9rentes.<\/p>\n<p>COJEP est membre du Conseil de l\u2019Europe et de l\u2019ONU et est notamment reconnue pour son travail contre les discriminations et la promotion de la diversit\u00e9. Ainsi, qualifier COJEP \u00ab d\u2019organisation pro-Erdogan \u00bb est compl\u00e8tement caricatural, r\u00e9ducteur et inappropri\u00e9.<\/p>\n<p>De plus, l\u2019ONG n\u2019a strictement rien \u00e0 voir avec les \u00ab Loups Gris \u00bb ni avec les actes isol\u00e9s de quelques jeunes. On ne peut pas rendre responsable tout une communaut\u00e9 ou une organisation des actes isol\u00e9s de quelques personnes.<\/p>\n<p>Ce n\u2019est pas la premi\u00e8re fois qu\u2019Olivier Claudon \u00e9crit des papiers \u00e0 charge \u00e0 notre \u00e9gard, nourrissant ainsi la suspicion envers la communaut\u00e9 franco-turque de Strasbourg, au m\u00e9pris de la d\u00e9ontologie journalistique, de l\u2019objectivit\u00e9 et du sens des responsabilit\u00e9s. Il a d\u2019ailleurs d\u00e9j\u00e0 \u00e9t\u00e9 contest\u00e9 \u00e0 l\u2019\u00e9poque pour ses articles partiaux et stigmatisants par une association de locataire tr\u00e8s active dans les quartiers populaires de Strasbourg, ALIS, ce qui laisse penser que M. Claudon a aussi un probl\u00e8me avec les franco-maghr\u00e9bins et les habitants de banlieue. Un rassemblement avait d\u2019ailleurs eu lieu devant les locaux de DNA pour contester les m\u00e9thodes douteuses de ce journaliste.<\/p>\n<p>Le traitement m\u00e9diatique diff\u00e9renci\u00e9 est plus que d\u00e9plorable car si des certains jeunes turcs, plus ou moins li\u00e9s aux \u00ab Loups Gris \u00bb, ont commis des actes d\u00e9lictueux, ils doivent \u00eatre condamn\u00e9s, mais cela ne doit pas servir \u00e0 une surench\u00e8re m\u00e9diatique contre les Turcs.<\/p>\n<p>Des nationalistes kurdes ont aussi \u00e9t\u00e9 condamn\u00e9s par la Justice fran\u00e7aise, tout comme des nationalistes arm\u00e9niens pour diff\u00e9rents d\u00e9lits ou crimes (notamment des violences \u00e0 l\u2019\u00e9gard d\u2019associations franco-turques) sans que la m\u00eame surench\u00e8re m\u00e9diatique.<\/p>\n<p>\u00c0 titre d\u2019exemple, l\u2019an dernier 17 militants d\u2019origine kurde \u00e0 Strasbourg ont \u00e9t\u00e9 condamn\u00e9s par la Justice pour d\u00e9gradations d\u2019un b\u00e2timent du Conseil de l\u2019Europe, sans que M. Claudon n\u2019\u00e9crive un article pour associer des associations strasbourgeoises r\u00e9put\u00e9es proches du HDP ou des comit\u00e9s pour la lib\u00e9ration d\u2019\u00d6calan, aux actes ill\u00e9gaux de quelques personnes.<\/p>\n<p>On pourrait aussi citer l\u2019exemple de militants arm\u00e9niens \u00e0 Strasbourg qui dans les derni\u00e8res semaines ont tenu des propos ultra-nationalistes, appelant les franco-arm\u00e9niens \u00e0 aller combattre au Haut Karabagh ! Sans que la presse ne s\u2019y attarde comme elle l\u2019a fait pour les \u00ab Loups Gris \u00bb ou d\u2019autres mouvances turques.<\/p>\n<h5>Pourquoi ce deux poids, deux mesures constant ?<\/h5>\n<p>Enfin, nous trouvons plus que d\u00e9plorable qu\u2019un journaliste ait pour source quasi unique concernant les Franco-turcs un fonctionnaire du service des cultes de Strasbourg ayant lui-m\u00eame une vision orient\u00e9e et \u00e0 charge \u00e0 notre \u00e9gard.<\/p>\n<p>La communaut\u00e9 turque de France n\u2019a de probl\u00e8me avec aucune communaut\u00e9.<\/p>\n<p>Elle n\u2019agit surtout pas comme les \u00e9l\u00e9ments d\u2019un seul. Les multitudes de pol\u00e9miques intracommunautaires prouve ces faits incontestablement.<\/p>\n<p>Le fait de pr\u00e9senter la communaut\u00e9 turque comme des haineux alors que le plus grand probl\u00e8me vient du fait de la d\u00e9fense par les journalistes et les autorit\u00e9s des terroristes \u2013 rappelons le encore une fois reconnu par la communaut\u00e9 internationale- est une insulte aux franco-Turcs.<\/p>\n<p>Le d\u00e9nigrement syst\u00e9matique de Turcs de France ne contribue pas \u00e0 l\u2019apaisement de la soci\u00e9t\u00e9 ni aux relations franco-turques si b\u00e9n\u00e9fiques aux deux pays.<\/p>\n<p>Nous sommes des Fran\u00e7ais issus de l\u2019immigration turque qui ont b\u00e2ti notre avenir en France.<\/p>\n<p>Nous avons nos r\u00eaves, nos cultures, nos diff\u00e9rences mais aussi nos ressemblances.<\/p>\n<p>Ainsi, face \u00e0 cet article \u00e0 charge et caricatural de M. Claudon, nous demandons un droit de r\u00e9ponse en bonne et due forme, ce qui est l\u00e9galement notre droit.<\/p>\n<p>En vous remerciant de l\u2019attention que vous accorderez \u00e0 notre texte, veuillez agr\u00e9er, Monsieur le r\u00e9dacteur en chef, mes salutations distingu\u00e9es.<\/p>\n<p style=\"text-align: center;\">Ali Gedikoglu<br \/>\nLe Pr\u00e9sident<\/p>","protected":false},"excerpt":{"rendered":"<p>Nous avons \u00e9t\u00e9 surpris, et m\u00eame choqu\u00e9s, par l\u2019article publi\u00e9 dans les Derni\u00e8res Nouvelles d\u2019Alsace le 6 novembre titr\u00e9 \u00ab Pendant qu\u2019Erdogan \u00e9ructe, la communaut\u00e9 turque joue l\u2019apaisement en Alsace \u00bb sous la plume de votre journaliste Olivier Claudon.<\/p>","protected":false},"author":2,"featured_media":1996,"comment_status":"closed","ping_status":"open","sticky":false,"template":"","format":"standard","meta":{"footnotes":""},"categories":[143],"tags":[425,127,144,424],"class_list":["post-1709","post","type-post","status-publish","format-standard","has-post-thumbnail","hentry","category-communique-de-presse","tag-alsace","tag-cojep","tag-communique","tag-dna"],"yoast_head":"<!-- This site is optimized with the Yoast SEO plugin v27.3 - https:\/\/yoast.com\/product\/yoast-seo-wordpress\/ -->\n<title>R\u00e9ponses aux Derni\u00e8res Nouvelles d\u2019Alsace - Cojep International<\/title>\n<meta name=\"robots\" content=\"index, follow, max-snippet:-1, max-image-preview:large, max-video-preview:-1\" \/>\n<link rel=\"canonical\" href=\"https:\/\/cojep.com\/tr\/communique-de-presse\/2020\/11\/19\/communique-dernieres-nouvelles-dalsace-du-6-novembre-2020\/\" \/>\n<meta property=\"og:locale\" content=\"tr_TR\" \/>\n<meta property=\"og:type\" content=\"article\" \/>\n<meta property=\"og:title\" content=\"R\u00e9ponses aux Derni\u00e8res Nouvelles d\u2019Alsace - Cojep International\" \/>\n<meta property=\"og:description\" content=\"Nous avons \u00e9t\u00e9 surpris, et m\u00eame choqu\u00e9s, par l\u2019article publi\u00e9 dans les Derni\u00e8res Nouvelles d\u2019Alsace le 6 novembre titr\u00e9 \u00ab Pendant qu\u2019Erdogan \u00e9ructe, la communaut\u00e9 turque joue l\u2019apaisement en Alsace \u00bb sous la plume de votre journaliste Olivier Claudon.\" \/>\n<meta property=\"og:url\" content=\"https:\/\/cojep.com\/tr\/communique-de-presse\/2020\/11\/19\/communique-dernieres-nouvelles-dalsace-du-6-novembre-2020\/\" \/>\n<meta property=\"og:site_name\" content=\"Cojep International\" \/>\n<meta property=\"article:published_time\" content=\"2020-11-19T06:55:28+00:00\" \/>\n<meta property=\"article:modified_time\" content=\"2021-01-11T15:13:05+00:00\" \/>\n<meta property=\"og:image\" content=\"https:\/\/cojep.com\/wp-content\/uploads\/2020\/11\/logo-dna-390-205.jpg\" \/>\n\t<meta property=\"og:image:width\" content=\"390\" \/>\n\t<meta property=\"og:image:height\" content=\"204\" \/>\n\t<meta property=\"og:image:type\" content=\"image\/jpeg\" \/>\n<meta name=\"author\" content=\"Admin Cojep\" \/>\n<meta name=\"twitter:card\" content=\"summary_large_image\" \/>\n<meta name=\"twitter:label1\" content=\"Yazan:\" \/>\n\t<meta name=\"twitter:data1\" content=\"Admin Cojep\" \/>\n\t<meta name=\"twitter:label2\" content=\"Tahmini okuma s\u00fcresi\" \/>\n\t<meta name=\"twitter:data2\" content=\"5 dakika\" \/>\n<script type=\"application\/ld+json\" class=\"yoast-schema-graph\">{\"@context\":\"https:\\\/\\\/schema.org\",\"@graph\":[{\"@type\":\"Article\",\"@id\":\"https:\\\/\\\/cojep.com\\\/tr\\\/communique-de-presse\\\/2020\\\/11\\\/19\\\/communique-dernieres-nouvelles-dalsace-du-6-novembre-2020\\\/#article\",\"isPartOf\":{\"@id\":\"https:\\\/\\\/cojep.com\\\/tr\\\/communique-de-presse\\\/2020\\\/11\\\/19\\\/communique-dernieres-nouvelles-dalsace-du-6-novembre-2020\\\/\"},\"author\":{\"name\":\"Admin Cojep\",\"@id\":\"https:\\\/\\\/cojep.com\\\/#\\\/schema\\\/person\\\/1ecf08016acfd3d6a23e474b711b28f9\"},\"headline\":\"R\u00e9ponses aux Derni\u00e8res Nouvelles d\u2019Alsace\",\"datePublished\":\"2020-11-19T06:55:28+00:00\",\"dateModified\":\"2021-01-11T15:13:05+00:00\",\"mainEntityOfPage\":{\"@id\":\"https:\\\/\\\/cojep.com\\\/tr\\\/communique-de-presse\\\/2020\\\/11\\\/19\\\/communique-dernieres-nouvelles-dalsace-du-6-novembre-2020\\\/\"},\"wordCount\":1079,\"publisher\":{\"@id\":\"https:\\\/\\\/cojep.com\\\/#organization\"},\"image\":{\"@id\":\"https:\\\/\\\/cojep.com\\\/tr\\\/communique-de-presse\\\/2020\\\/11\\\/19\\\/communique-dernieres-nouvelles-dalsace-du-6-novembre-2020\\\/#primaryimage\"},\"thumbnailUrl\":\"https:\\\/\\\/cojep.com\\\/wp-content\\\/uploads\\\/2020\\\/11\\\/logo-dna-390-205.jpg\",\"keywords\":[\"Alsace\",\"cojep\",\"communiqu\u00e9\",\"DNA\"],\"articleSection\":[\"Communiqu\u00e9\"],\"inLanguage\":\"tr\"},{\"@type\":\"WebPage\",\"@id\":\"https:\\\/\\\/cojep.com\\\/tr\\\/communique-de-presse\\\/2020\\\/11\\\/19\\\/communique-dernieres-nouvelles-dalsace-du-6-novembre-2020\\\/\",\"url\":\"https:\\\/\\\/cojep.com\\\/tr\\\/communique-de-presse\\\/2020\\\/11\\\/19\\\/communique-dernieres-nouvelles-dalsace-du-6-novembre-2020\\\/\",\"name\":\"R\u00e9ponses aux Derni\u00e8res Nouvelles d\u2019Alsace - Cojep International\",\"isPartOf\":{\"@id\":\"https:\\\/\\\/cojep.com\\\/#website\"},\"primaryImageOfPage\":{\"@id\":\"https:\\\/\\\/cojep.com\\\/tr\\\/communique-de-presse\\\/2020\\\/11\\\/19\\\/communique-dernieres-nouvelles-dalsace-du-6-novembre-2020\\\/#primaryimage\"},\"image\":{\"@id\":\"https:\\\/\\\/cojep.com\\\/tr\\\/communique-de-presse\\\/2020\\\/11\\\/19\\\/communique-dernieres-nouvelles-dalsace-du-6-novembre-2020\\\/#primaryimage\"},\"thumbnailUrl\":\"https:\\\/\\\/cojep.com\\\/wp-content\\\/uploads\\\/2020\\\/11\\\/logo-dna-390-205.jpg\",\"datePublished\":\"2020-11-19T06:55:28+00:00\",\"dateModified\":\"2021-01-11T15:13:05+00:00\",\"inLanguage\":\"tr\",\"potentialAction\":[{\"@type\":\"ReadAction\",\"target\":[\"https:\\\/\\\/cojep.com\\\/tr\\\/communique-de-presse\\\/2020\\\/11\\\/19\\\/communique-dernieres-nouvelles-dalsace-du-6-novembre-2020\\\/\"]}]},{\"@type\":\"ImageObject\",\"inLanguage\":\"tr\",\"@id\":\"https:\\\/\\\/cojep.com\\\/tr\\\/communique-de-presse\\\/2020\\\/11\\\/19\\\/communique-dernieres-nouvelles-dalsace-du-6-novembre-2020\\\/#primaryimage\",\"url\":\"https:\\\/\\\/cojep.com\\\/wp-content\\\/uploads\\\/2020\\\/11\\\/logo-dna-390-205.jpg\",\"contentUrl\":\"https:\\\/\\\/cojep.com\\\/wp-content\\\/uploads\\\/2020\\\/11\\\/logo-dna-390-205.jpg\",\"width\":390,\"height\":204,\"caption\":\"dna cojep alsace\"},{\"@type\":\"WebSite\",\"@id\":\"https:\\\/\\\/cojep.com\\\/#website\",\"url\":\"https:\\\/\\\/cojep.com\\\/\",\"name\":\"Cojep International\",\"description\":\"Conseil pour la Justice, l&#039;Egalit\u00e9 et la Paix\",\"publisher\":{\"@id\":\"https:\\\/\\\/cojep.com\\\/#organization\"},\"potentialAction\":[{\"@type\":\"SearchAction\",\"target\":{\"@type\":\"EntryPoint\",\"urlTemplate\":\"https:\\\/\\\/cojep.com\\\/?s={search_term_string}\"},\"query-input\":{\"@type\":\"PropertyValueSpecification\",\"valueRequired\":true,\"valueName\":\"search_term_string\"}}],\"inLanguage\":\"tr\"},{\"@type\":\"Organization\",\"@id\":\"https:\\\/\\\/cojep.com\\\/#organization\",\"name\":\"Cojep International\",\"url\":\"https:\\\/\\\/cojep.com\\\/\",\"logo\":{\"@type\":\"ImageObject\",\"inLanguage\":\"tr\",\"@id\":\"https:\\\/\\\/cojep.com\\\/#\\\/schema\\\/logo\\\/image\\\/\",\"url\":\"https:\\\/\\\/cojep.com\\\/wp-content\\\/uploads\\\/2022\\\/05\\\/cropped-cropped-cropped-logo-3.png\",\"contentUrl\":\"https:\\\/\\\/cojep.com\\\/wp-content\\\/uploads\\\/2022\\\/05\\\/cropped-cropped-cropped-logo-3.png\",\"width\":512,\"height\":512,\"caption\":\"Cojep International\"},\"image\":{\"@id\":\"https:\\\/\\\/cojep.com\\\/#\\\/schema\\\/logo\\\/image\\\/\"}},{\"@type\":\"Person\",\"@id\":\"https:\\\/\\\/cojep.com\\\/#\\\/schema\\\/person\\\/1ecf08016acfd3d6a23e474b711b28f9\",\"name\":\"Admin Cojep\",\"image\":{\"@type\":\"ImageObject\",\"inLanguage\":\"tr\",\"@id\":\"https:\\\/\\\/secure.gravatar.com\\\/avatar\\\/dcce3d5ee953d671cf8bce58041662d10b8577ace29a5e06173a432c53fcc587?s=96&d=mm&r=g\",\"url\":\"https:\\\/\\\/secure.gravatar.com\\\/avatar\\\/dcce3d5ee953d671cf8bce58041662d10b8577ace29a5e06173a432c53fcc587?s=96&d=mm&r=g\",\"contentUrl\":\"https:\\\/\\\/secure.gravatar.com\\\/avatar\\\/dcce3d5ee953d671cf8bce58041662d10b8577ace29a5e06173a432c53fcc587?s=96&d=mm&r=g\",\"caption\":\"Admin Cojep\"},\"sameAs\":[\"http:\\\/\\\/www.cojep.com\"]}]}<\/script>\n<!-- \/ Yoast SEO plugin. -->","yoast_head_json":{"title":"R\u00e9ponses aux Derni\u00e8res Nouvelles d\u2019Alsace - Cojep International","robots":{"index":"index","follow":"follow","max-snippet":"max-snippet:-1","max-image-preview":"max-image-preview:large","max-video-preview":"max-video-preview:-1"},"canonical":"https:\/\/cojep.com\/tr\/communique-de-presse\/2020\/11\/19\/communique-dernieres-nouvelles-dalsace-du-6-novembre-2020\/","og_locale":"tr_TR","og_type":"article","og_title":"R\u00e9ponses aux Derni\u00e8res Nouvelles d\u2019Alsace - Cojep International","og_description":"Nous avons \u00e9t\u00e9 surpris, et m\u00eame choqu\u00e9s, par l\u2019article publi\u00e9 dans les Derni\u00e8res Nouvelles d\u2019Alsace le 6 novembre titr\u00e9 \u00ab Pendant qu\u2019Erdogan \u00e9ructe, la communaut\u00e9 turque joue l\u2019apaisement en Alsace \u00bb sous la plume de votre journaliste Olivier Claudon.","og_url":"https:\/\/cojep.com\/tr\/communique-de-presse\/2020\/11\/19\/communique-dernieres-nouvelles-dalsace-du-6-novembre-2020\/","og_site_name":"Cojep International","article_published_time":"2020-11-19T06:55:28+00:00","article_modified_time":"2021-01-11T15:13:05+00:00","og_image":[{"width":390,"height":204,"url":"https:\/\/cojep.com\/wp-content\/uploads\/2020\/11\/logo-dna-390-205.jpg","type":"image\/jpeg"}],"author":"Admin Cojep","twitter_card":"summary_large_image","twitter_misc":{"Yazan:":"Admin Cojep","Tahmini okuma s\u00fcresi":"5 dakika"},"schema":{"@context":"https:\/\/schema.org","@graph":[{"@type":"Article","@id":"https:\/\/cojep.com\/tr\/communique-de-presse\/2020\/11\/19\/communique-dernieres-nouvelles-dalsace-du-6-novembre-2020\/#article","isPartOf":{"@id":"https:\/\/cojep.com\/tr\/communique-de-presse\/2020\/11\/19\/communique-dernieres-nouvelles-dalsace-du-6-novembre-2020\/"},"author":{"name":"Admin Cojep","@id":"https:\/\/cojep.com\/#\/schema\/person\/1ecf08016acfd3d6a23e474b711b28f9"},"headline":"R\u00e9ponses aux Derni\u00e8res Nouvelles d\u2019Alsace","datePublished":"2020-11-19T06:55:28+00:00","dateModified":"2021-01-11T15:13:05+00:00","mainEntityOfPage":{"@id":"https:\/\/cojep.com\/tr\/communique-de-presse\/2020\/11\/19\/communique-dernieres-nouvelles-dalsace-du-6-novembre-2020\/"},"wordCount":1079,"publisher":{"@id":"https:\/\/cojep.com\/#organization"},"image":{"@id":"https:\/\/cojep.com\/tr\/communique-de-presse\/2020\/11\/19\/communique-dernieres-nouvelles-dalsace-du-6-novembre-2020\/#primaryimage"},"thumbnailUrl":"https:\/\/cojep.com\/wp-content\/uploads\/2020\/11\/logo-dna-390-205.jpg","keywords":["Alsace","cojep","communiqu\u00e9","DNA"],"articleSection":["Communiqu\u00e9"],"inLanguage":"tr"},{"@type":"WebPage","@id":"https:\/\/cojep.com\/tr\/communique-de-presse\/2020\/11\/19\/communique-dernieres-nouvelles-dalsace-du-6-novembre-2020\/","url":"https:\/\/cojep.com\/tr\/communique-de-presse\/2020\/11\/19\/communique-dernieres-nouvelles-dalsace-du-6-novembre-2020\/","name":"R\u00e9ponses aux Derni\u00e8res Nouvelles d\u2019Alsace - Cojep International","isPartOf":{"@id":"https:\/\/cojep.com\/#website"},"primaryImageOfPage":{"@id":"https:\/\/cojep.com\/tr\/communique-de-presse\/2020\/11\/19\/communique-dernieres-nouvelles-dalsace-du-6-novembre-2020\/#primaryimage"},"image":{"@id":"https:\/\/cojep.com\/tr\/communique-de-presse\/2020\/11\/19\/communique-dernieres-nouvelles-dalsace-du-6-novembre-2020\/#primaryimage"},"thumbnailUrl":"https:\/\/cojep.com\/wp-content\/uploads\/2020\/11\/logo-dna-390-205.jpg","datePublished":"2020-11-19T06:55:28+00:00","dateModified":"2021-01-11T15:13:05+00:00","inLanguage":"tr","potentialAction":[{"@type":"ReadAction","target":["https:\/\/cojep.com\/tr\/communique-de-presse\/2020\/11\/19\/communique-dernieres-nouvelles-dalsace-du-6-novembre-2020\/"]}]},{"@type":"ImageObject","inLanguage":"tr","@id":"https:\/\/cojep.com\/tr\/communique-de-presse\/2020\/11\/19\/communique-dernieres-nouvelles-dalsace-du-6-novembre-2020\/#primaryimage","url":"https:\/\/cojep.com\/wp-content\/uploads\/2020\/11\/logo-dna-390-205.jpg","contentUrl":"https:\/\/cojep.com\/wp-content\/uploads\/2020\/11\/logo-dna-390-205.jpg","width":390,"height":204,"caption":"dna cojep alsace"},{"@type":"WebSite","@id":"https:\/\/cojep.com\/#website","url":"https:\/\/cojep.com\/","name":"Cojep International","description":"Adalet, E\u015fitlik ve Bar\u0131\u015f Konseyi","publisher":{"@id":"https:\/\/cojep.com\/#organization"},"potentialAction":[{"@type":"SearchAction","target":{"@type":"EntryPoint","urlTemplate":"https:\/\/cojep.com\/?s={search_term_string}"},"query-input":{"@type":"PropertyValueSpecification","valueRequired":true,"valueName":"search_term_string"}}],"inLanguage":"tr"},{"@type":"Organization","@id":"https:\/\/cojep.com\/#organization","name":"Cojep International","url":"https:\/\/cojep.com\/","logo":{"@type":"ImageObject","inLanguage":"tr","@id":"https:\/\/cojep.com\/#\/schema\/logo\/image\/","url":"https:\/\/cojep.com\/wp-content\/uploads\/2022\/05\/cropped-cropped-cropped-logo-3.png","contentUrl":"https:\/\/cojep.com\/wp-content\/uploads\/2022\/05\/cropped-cropped-cropped-logo-3.png","width":512,"height":512,"caption":"Cojep International"},"image":{"@id":"https:\/\/cojep.com\/#\/schema\/logo\/image\/"}},{"@type":"Person","@id":"https:\/\/cojep.com\/#\/schema\/person\/1ecf08016acfd3d6a23e474b711b28f9","name":"Admin Cojep","image":{"@type":"ImageObject","inLanguage":"tr","@id":"https:\/\/secure.gravatar.com\/avatar\/dcce3d5ee953d671cf8bce58041662d10b8577ace29a5e06173a432c53fcc587?s=96&d=mm&r=g","url":"https:\/\/secure.gravatar.com\/avatar\/dcce3d5ee953d671cf8bce58041662d10b8577ace29a5e06173a432c53fcc587?s=96&d=mm&r=g","contentUrl":"https:\/\/secure.gravatar.com\/avatar\/dcce3d5ee953d671cf8bce58041662d10b8577ace29a5e06173a432c53fcc587?s=96&d=mm&r=g","caption":"Admin Cojep"},"sameAs":["http:\/\/www.cojep.com"]}]}},"_links":{"self":[{"href":"https:\/\/cojep.com\/tr\/wp-json\/wp\/v2\/posts\/1709","targetHints":{"allow":["GET"]}}],"collection":[{"href":"https:\/\/cojep.com\/tr\/wp-json\/wp\/v2\/posts"}],"about":[{"href":"https:\/\/cojep.com\/tr\/wp-json\/wp\/v2\/types\/post"}],"author":[{"embeddable":true,"href":"https:\/\/cojep.com\/tr\/wp-json\/wp\/v2\/users\/2"}],"replies":[{"embeddable":true,"href":"https:\/\/cojep.com\/tr\/wp-json\/wp\/v2\/comments?post=1709"}],"version-history":[{"count":0,"href":"https:\/\/cojep.com\/tr\/wp-json\/wp\/v2\/posts\/1709\/revisions"}],"wp:featuredmedia":[{"embeddable":true,"href":"https:\/\/cojep.com\/tr\/wp-json\/wp\/v2\/media\/1996"}],"wp:attachment":[{"href":"https:\/\/cojep.com\/tr\/wp-json\/wp\/v2\/media?parent=1709"}],"wp:term":[{"taxonomy":"category","embeddable":true,"href":"https:\/\/cojep.com\/tr\/wp-json\/wp\/v2\/categories?post=1709"},{"taxonomy":"post_tag","embeddable":true,"href":"https:\/\/cojep.com\/tr\/wp-json\/wp\/v2\/tags?post=1709"}],"curies":[{"name":"wp","href":"https:\/\/api.w.org\/{rel}","templated":true}]}}