{"id":2422,"date":"2018-05-24T16:00:01","date_gmt":"2018-05-24T16:00:01","guid":{"rendered":"https:\/\/cojep.com\/?p=2422"},"modified":"2021-01-13T07:04:47","modified_gmt":"2021-01-13T07:04:47","slug":"le-point-bir-dergi-deg%cc%86il-bir-operasyon-aygiti","status":"publish","type":"post","link":"https:\/\/cojep.com\/tr\/cojep-presse\/cojep-press\/2018\/05\/24\/le-point-bir-dergi-deg%cc%86il-bir-operasyon-aygiti\/","title":{"rendered":"&lsquo;Le Point bir dergi deg\u0306il bir operasyon ayg\u0131t\u0131&rsquo;"},"content":{"rendered":"<p>Frans\u0131z\u00a0<strong>Le Point\u00a0<\/strong>dergisinin bu haftaki say\u0131s\u0131nda T\u00fcrkiye,\u00a0<strong>Cumhurba\u015fkan\u0131 Recep Tayyip Erdo\u011fan<\/strong>\u00a0ve Fransa&rsquo;daki T\u00fcrk k\u00f6kenli ki\u015fi ve kurulu\u015flara y\u00f6nelik ifadeler tepkiyle kar\u015f\u0131land\u0131.<\/p>\n<p><strong>Uluslararas\u0131 E\u015fitlik ve Bar\u0131\u015f Konseyi\u00a0<\/strong>(COJEP), Le Point dergisindeki haberde \u00f6ne s\u00fcr\u00fclen iddialar hakk\u0131nda yaz\u0131l\u0131 a\u00e7\u0131klama yapt\u0131.<\/p>\n<p>\u00ab\u00a0Le Point\u00a0\u00bb dergisinin 24 May\u0131s tarihli say\u0131s\u0131nda Fransa&rsquo;da faaliyet g\u00f6steren ve farkl\u0131 k\u00fclt\u00fcrleri temsil eden dernekler, yay\u0131n kurulus\u0327lar\u0131 ve siyasi olus\u0327umlar hedefe konulmus\u0327tur.\u00a0\u00bb ifadesi kullan\u0131lan a\u00e7\u0131klamada, hedefe konulan kurulu\u015flar aras\u0131nda COJEP, Media T\u00fcrk TV, Media France TV ve Medya T\u00fcrk Info yay\u0131n kurulus\u0327lar\u0131n\u0131n da bulundu\u011fu belirtildi.<\/p>\n<h3>\u00ab\u00a0Sorumsuz ve d\u00fcs\u0327manca bir habercilik \u00f6rneg\u0306i\u00a0\u00bb<\/h3>\n<p>Dergide habercilik kayg\u0131s\u0131ndan daha \u00e7ok alg\u0131 olus\u0327turulmaya, kamuoyunu yan\u0131ltmaya ve Fransa&rsquo;da farkl\u0131 k\u00fclt\u00fcrlere kars\u0327\u0131 \u00f6n yarg\u0131n\u0131n art\u0131r\u0131lmas\u0131na hizmet edildi\u011fi vurgulanan a\u00e7\u0131klamada, \u00ab\u00a0Ger\u00e7ekle uzaktan yak\u0131ndan ilgisi olmayan, sorumsuz ve d\u00fcs\u0327manca bir habercilik \u00f6rneg\u0306i g\u00f6sterilmis\u0327tir. Le Point dergisi bu yay\u0131nla, Fransa&rsquo;daki farkl\u0131 k\u00fclt\u00fcrleri susturmaya, sindirmeye ve \u00f6tekiles\u0327tirmeye \u00e7al\u0131s\u0327m\u0131s\u0327t\u0131r.\u00a0\u00bb ifadeleri kullan\u0131ld\u0131.<\/p>\n<h3>\u00ab\u00a0Le Point bir dergi deg\u0306il bir operasyon ayg\u0131t\u0131na d\u00f6n\u00fcs\u0327m\u00fcs\u0327t\u00fcr\u00a0\u00bb<\/h3>\n<p>A\u00e7\u0131klamada, \u015funlara yer verildi:<\/p>\n<p>\u00ab\u00a0G\u00f6n\u00fcll\u00fclerden olus\u0327an ve \u00e7ok s\u0131n\u0131rl\u0131 imkanlarla \u00e7al\u0131s\u0327an Media France ve Media T\u00fcrk Info&rsquo;nun yay\u0131nlar\u0131n\u0131 itibars\u0131zlas\u0327t\u0131rma gayretleri, as\u0131l diktac\u0131 anlay\u0131s\u0327\u0131n kendi zihniyetlerinin oldug\u0306unu g\u00f6stermis\u0327tir. Le Point, amat\u00f6r ruhla yap\u0131lan bu \u00e7og\u0306ulcu yay\u0131nc\u0131l\u0131g\u0306\u0131 hedefe koyarak bas\u0131n \u00f6zg\u00fcrl\u00fcg\u0306\u00fcn\u00fc susturmaya \u00e7al\u0131s\u0327m\u0131s\u0327t\u0131r. Haz\u0131rlanan bu dosyada Say\u0131n Erdog\u0306an, bilin\u00e7li ve maksatl\u0131 olarak s\u0327eytanlas\u0327t\u0131r\u0131lm\u0131s\u0327, irtibats\u0131zlas\u0327t\u0131r\u0131lm\u0131s\u0327 ve sonra bizlerle irtibatland\u0131r\u0131larak, Le Point bir dergi deg\u0306il bir operasyon ayg\u0131t\u0131na d\u00f6n\u00fcs\u0327m\u00fcs\u0327t\u00fcr.\u00a0\u00bb<\/p>\n<h3>\u00ab\u00a021. y\u00fczy\u0131l\u0131n Nelson Mandela&rsquo;s\u0131 Erdog\u0306an\u2019d\u0131r\u00a0\u00bb<\/h3>\n<p>A\u00e7\u0131klamada, siyahilerin e\u015fitlik ve \u00f6zg\u00fcrl\u00fck taleplerinin, 29 y\u0131l hapiste tutulan Nelson Mandela&rsquo;n\u0131n \u015fahs\u0131nda bast\u0131r\u0131ld\u0131\u011f\u0131 ve cezaland\u0131r\u0131ld\u0131\u011f\u0131 kaydedilerek, sonunda adaletin galip geldi\u011fi ve Mandela&rsquo;n\u0131n hapisten \u00e7\u0131karak Nobel Bar\u0131\u015f \u00d6d\u00fcl\u00fc ile \u00f6d\u00fcllendirildi\u011fi hat\u0131rlat\u0131ld\u0131.<\/p>\n<p>Erdo\u011fan&rsquo;\u0131n Bat\u0131 medyas\u0131nca son d\u00f6nemde bilin\u00e7li olarak hedef se\u00e7ildi\u011fi ve spek\u00fclatif man\u015fetlerle y\u0131prat\u0131lmaya \u00e7al\u0131\u015f\u0131ld\u0131\u011f\u0131 belirtilen a\u00e7\u0131klama, \u015f\u00f6yle devam etti:<\/p>\n<p>\u00ab\u00a021. y\u00fczy\u0131l\u0131n Nelson Mandela&rsquo;s\u0131 Erdog\u0306an\u2019d\u0131r. Yapt\u0131g\u0306\u0131n\u0131z yay\u0131nlarla ona ne kadar siyahi muamelesi yaparsan\u0131z yap\u0131n bir g\u00fcn o kazanacakt\u0131r. \u00dc\u00e7 dinin kutsal s\u0327ehri Kud\u00fcs&rsquo;e o sahip \u00e7\u0131km\u0131s\u0327t\u0131r. 3,5 milyon K\u00fcrt, Arap, T\u00fcrkmen, Suriyeli m\u00fclteciye o ev sahiplig\u0306i yapm\u0131s\u0327t\u0131r. BM Genel Kurulu&rsquo;nda &lsquo;d\u00fcnya 5\u2019ten b\u00fcy\u00fckt\u00fcr&rsquo; diyerek BM G\u00fcvenlik Konseyi&rsquo;nin yap\u0131s\u0131n\u0131n deg\u0306is\u0327mesi gerektig\u0306ini d\u00fcnyaya o hayk\u0131rm\u0131s\u0327t\u0131r. Bu merhamet ve adalet m\u00fccadelecisi insan m\u0131 diktat\u00f6rd\u00fcr?\u00a0\u00bb<\/p>\n<p>D\u00fcnyan\u0131n eski zamanlarda oldu\u011fu gibi tek tip\u00e7i zihniyete sahip bas\u0131n kurulu\u015flar\u0131nca demir yumrukla y\u00f6netilmeye \u00e7al\u0131\u015f\u0131ld\u0131\u011f\u0131na i\u015faret edilen a\u00e7\u0131klamada, \u00ab\u00a0Bas\u0327ta Fransa olmak \u00fczere, Avrupa&rsquo;da yas\u0327ayan farkl\u0131 k\u00fclt\u00fcrler O&rsquo;nu 21. y\u00fczy\u0131l\u0131n Nelson Mandela&rsquo;s\u0131 olarak g\u00f6rmektedir. Sizi sorumlu ve adil yay\u0131nc\u0131l\u0131g\u0306a davet ediyor ve \u00e7og\u0306ulculug\u0306un temsilcisi STK&rsquo;lar, medya kurulus\u0327lar\u0131 ve siyasi olus\u0327umlardan \u00f6z\u00fcr dilemeye \u00e7ag\u0306\u0131r\u0131yoruz.\u00a0\u00bb ifadesi kullan\u0131ld\u0131.<\/p>\n<p>Muhabir:\u00a0\u00d6mer Ayd\u0131n<\/p>\n<p>Kaynak : <a href=\"https:\/\/www.aa.com.tr\/tr\/dunya\/le-point-bir-dergi-deg%CC%86il-bir-operasyon-aygiti\/1156104\">AA<\/a><\/p>\n<div id=\"gtx-trans\" style=\"position: absolute; left: 68px; top: 1044.08px;\">\n<div class=\"gtx-trans-icon\"><\/div>\n<\/div>","protected":false},"excerpt":{"rendered":"<p>Frans\u0131z\u00a0Le Point\u00a0dergisinin bu haftaki say\u0131s\u0131nda T\u00fcrkiye,\u00a0Cumhurba\u015fkan\u0131 Recep Tayyip Erdo\u011fan\u00a0ve Fransa&rsquo;daki T\u00fcrk k\u00f6kenli ki\u015fi ve kurulu\u015flara y\u00f6nelik ifadeler tepkiyle kar\u015f\u0131land\u0131. Uluslararas\u0131 E\u015fitlik ve Bar\u0131\u015f Konseyi\u00a0(COJEP), Le Point dergisindeki haberde \u00f6ne s\u00fcr\u00fclen iddialar hakk\u0131nda yaz\u0131l\u0131 a\u00e7\u0131klama yapt\u0131. \u00ab\u00a0Le Point\u00a0\u00bb dergisinin 24 May\u0131s tarihli say\u0131s\u0131nda Fransa&rsquo;da faaliyet g\u00f6steren ve farkl\u0131 k\u00fclt\u00fcrleri temsil eden dernekler, yay\u0131n kurulus\u0327lar\u0131 ve siyasi&hellip; <br \/> <a class=\"read-more\" href=\"https:\/\/cojep.com\/tr\/cojep-presse\/cojep-press\/2018\/05\/24\/le-point-bir-dergi-deg%cc%86il-bir-operasyon-aygiti\/\">Daha Fazla<\/a><\/p>","protected":false},"author":2,"featured_media":2423,"comment_status":"closed","ping_status":"open","sticky":false,"template":"","format":"standard","meta":{"footnotes":""},"categories":[460],"tags":[],"class_list":["post-2422","post","type-post","status-publish","format-standard","has-post-thumbnail","hentry","category-cojep-press"],"yoast_head":"<!-- This site is optimized with the Yoast SEO plugin v27.3 - https:\/\/yoast.com\/product\/yoast-seo-wordpress\/ -->\n<title>&#039;Le Point bir dergi deg\u0306il bir operasyon ayg\u0131t\u0131&#039; - Cojep International<\/title>\n<meta name=\"robots\" content=\"index, follow, max-snippet:-1, max-image-preview:large, max-video-preview:-1\" \/>\n<link rel=\"canonical\" href=\"https:\/\/cojep.com\/tr\/cojep-presse\/cojep-press\/2018\/05\/24\/le-point-bir-dergi-deg\u0306il-bir-operasyon-aygiti\/\" \/>\n<meta property=\"og:locale\" content=\"tr_TR\" \/>\n<meta property=\"og:type\" content=\"article\" \/>\n<meta property=\"og:title\" content=\"&#039;Le Point bir dergi deg\u0306il bir operasyon ayg\u0131t\u0131&#039; - Cojep International\" \/>\n<meta property=\"og:description\" content=\"Frans\u0131z\u00a0Le Point\u00a0dergisinin bu haftaki say\u0131s\u0131nda T\u00fcrkiye,\u00a0Cumhurba\u015fkan\u0131 Recep Tayyip Erdo\u011fan\u00a0ve Fransa&rsquo;daki T\u00fcrk k\u00f6kenli ki\u015fi ve kurulu\u015flara y\u00f6nelik ifadeler tepkiyle kar\u015f\u0131land\u0131. Uluslararas\u0131 E\u015fitlik ve Bar\u0131\u015f Konseyi\u00a0(COJEP), Le Point dergisindeki haberde \u00f6ne s\u00fcr\u00fclen iddialar hakk\u0131nda yaz\u0131l\u0131 a\u00e7\u0131klama yapt\u0131. \u00ab\u00a0Le Point\u00a0\u00bb dergisinin 24 May\u0131s tarihli say\u0131s\u0131nda Fransa&rsquo;da faaliyet g\u00f6steren ve farkl\u0131 k\u00fclt\u00fcrleri temsil eden dernekler, yay\u0131n kurulus\u0327lar\u0131 ve siyasi&hellip; Read more\" \/>\n<meta property=\"og:url\" content=\"https:\/\/cojep.com\/tr\/cojep-presse\/cojep-press\/2018\/05\/24\/le-point-bir-dergi-deg\u0306il-bir-operasyon-aygiti\/\" \/>\n<meta property=\"og:site_name\" content=\"Cojep International\" \/>\n<meta property=\"article:published_time\" content=\"2018-05-24T16:00:01+00:00\" \/>\n<meta property=\"article:modified_time\" content=\"2021-01-13T07:04:47+00:00\" \/>\n<meta property=\"og:image\" content=\"https:\/\/cojep.com\/wp-content\/uploads\/2021\/01\/cojep-le-point.jpg\" \/>\n\t<meta property=\"og:image:width\" content=\"864\" \/>\n\t<meta property=\"og:image:height\" content=\"486\" \/>\n\t<meta property=\"og:image:type\" content=\"image\/jpeg\" \/>\n<meta name=\"author\" content=\"Admin Cojep\" \/>\n<meta name=\"twitter:card\" content=\"summary_large_image\" \/>\n<meta name=\"twitter:label1\" content=\"Yazan:\" \/>\n\t<meta name=\"twitter:data1\" content=\"Admin Cojep\" \/>\n\t<meta name=\"twitter:label2\" content=\"Tahmini okuma s\u00fcresi\" \/>\n\t<meta name=\"twitter:data2\" content=\"3 dakika\" \/>\n<script type=\"application\/ld+json\" class=\"yoast-schema-graph\">{\"@context\":\"https:\\\/\\\/schema.org\",\"@graph\":[{\"@type\":\"Article\",\"@id\":\"https:\\\/\\\/cojep.com\\\/tr\\\/cojep-presse\\\/cojep-press\\\/2018\\\/05\\\/24\\\/le-point-bir-dergi-deg%cc%86il-bir-operasyon-aygiti\\\/#article\",\"isPartOf\":{\"@id\":\"https:\\\/\\\/cojep.com\\\/tr\\\/cojep-presse\\\/cojep-press\\\/2018\\\/05\\\/24\\\/le-point-bir-dergi-deg%cc%86il-bir-operasyon-aygiti\\\/\"},\"author\":{\"name\":\"Admin Cojep\",\"@id\":\"https:\\\/\\\/cojep.com\\\/#\\\/schema\\\/person\\\/1ecf08016acfd3d6a23e474b711b28f9\"},\"headline\":\"&lsquo;Le Point bir dergi deg\u0306il bir operasyon ayg\u0131t\u0131&rsquo;\",\"datePublished\":\"2018-05-24T16:00:01+00:00\",\"dateModified\":\"2021-01-13T07:04:47+00:00\",\"mainEntityOfPage\":{\"@id\":\"https:\\\/\\\/cojep.com\\\/tr\\\/cojep-presse\\\/cojep-press\\\/2018\\\/05\\\/24\\\/le-point-bir-dergi-deg%cc%86il-bir-operasyon-aygiti\\\/\"},\"wordCount\":650,\"publisher\":{\"@id\":\"https:\\\/\\\/cojep.com\\\/#organization\"},\"image\":{\"@id\":\"https:\\\/\\\/cojep.com\\\/tr\\\/cojep-presse\\\/cojep-press\\\/2018\\\/05\\\/24\\\/le-point-bir-dergi-deg%cc%86il-bir-operasyon-aygiti\\\/#primaryimage\"},\"thumbnailUrl\":\"https:\\\/\\\/cojep.com\\\/wp-content\\\/uploads\\\/2021\\\/01\\\/cojep-le-point.jpg\",\"articleSection\":[\"Bas\u0131nda COJEP\"],\"inLanguage\":\"tr\"},{\"@type\":\"WebPage\",\"@id\":\"https:\\\/\\\/cojep.com\\\/tr\\\/cojep-presse\\\/cojep-press\\\/2018\\\/05\\\/24\\\/le-point-bir-dergi-deg%cc%86il-bir-operasyon-aygiti\\\/\",\"url\":\"https:\\\/\\\/cojep.com\\\/tr\\\/cojep-presse\\\/cojep-press\\\/2018\\\/05\\\/24\\\/le-point-bir-dergi-deg%cc%86il-bir-operasyon-aygiti\\\/\",\"name\":\"'Le Point bir dergi deg\u0306il bir operasyon ayg\u0131t\u0131' - Cojep International\",\"isPartOf\":{\"@id\":\"https:\\\/\\\/cojep.com\\\/#website\"},\"primaryImageOfPage\":{\"@id\":\"https:\\\/\\\/cojep.com\\\/tr\\\/cojep-presse\\\/cojep-press\\\/2018\\\/05\\\/24\\\/le-point-bir-dergi-deg%cc%86il-bir-operasyon-aygiti\\\/#primaryimage\"},\"image\":{\"@id\":\"https:\\\/\\\/cojep.com\\\/tr\\\/cojep-presse\\\/cojep-press\\\/2018\\\/05\\\/24\\\/le-point-bir-dergi-deg%cc%86il-bir-operasyon-aygiti\\\/#primaryimage\"},\"thumbnailUrl\":\"https:\\\/\\\/cojep.com\\\/wp-content\\\/uploads\\\/2021\\\/01\\\/cojep-le-point.jpg\",\"datePublished\":\"2018-05-24T16:00:01+00:00\",\"dateModified\":\"2021-01-13T07:04:47+00:00\",\"inLanguage\":\"tr\",\"potentialAction\":[{\"@type\":\"ReadAction\",\"target\":[\"https:\\\/\\\/cojep.com\\\/tr\\\/cojep-presse\\\/cojep-press\\\/2018\\\/05\\\/24\\\/le-point-bir-dergi-deg%cc%86il-bir-operasyon-aygiti\\\/\"]}]},{\"@type\":\"ImageObject\",\"inLanguage\":\"tr\",\"@id\":\"https:\\\/\\\/cojep.com\\\/tr\\\/cojep-presse\\\/cojep-press\\\/2018\\\/05\\\/24\\\/le-point-bir-dergi-deg%cc%86il-bir-operasyon-aygiti\\\/#primaryimage\",\"url\":\"https:\\\/\\\/cojep.com\\\/wp-content\\\/uploads\\\/2021\\\/01\\\/cojep-le-point.jpg\",\"contentUrl\":\"https:\\\/\\\/cojep.com\\\/wp-content\\\/uploads\\\/2021\\\/01\\\/cojep-le-point.jpg\",\"width\":864,\"height\":486},{\"@type\":\"WebSite\",\"@id\":\"https:\\\/\\\/cojep.com\\\/#website\",\"url\":\"https:\\\/\\\/cojep.com\\\/\",\"name\":\"Cojep International\",\"description\":\"Conseil pour la Justice, l&#039;Egalit\u00e9 et la Paix\",\"publisher\":{\"@id\":\"https:\\\/\\\/cojep.com\\\/#organization\"},\"potentialAction\":[{\"@type\":\"SearchAction\",\"target\":{\"@type\":\"EntryPoint\",\"urlTemplate\":\"https:\\\/\\\/cojep.com\\\/?s={search_term_string}\"},\"query-input\":{\"@type\":\"PropertyValueSpecification\",\"valueRequired\":true,\"valueName\":\"search_term_string\"}}],\"inLanguage\":\"tr\"},{\"@type\":\"Organization\",\"@id\":\"https:\\\/\\\/cojep.com\\\/#organization\",\"name\":\"Cojep International\",\"url\":\"https:\\\/\\\/cojep.com\\\/\",\"logo\":{\"@type\":\"ImageObject\",\"inLanguage\":\"tr\",\"@id\":\"https:\\\/\\\/cojep.com\\\/#\\\/schema\\\/logo\\\/image\\\/\",\"url\":\"https:\\\/\\\/cojep.com\\\/wp-content\\\/uploads\\\/2022\\\/05\\\/cropped-cropped-cropped-logo-3.png\",\"contentUrl\":\"https:\\\/\\\/cojep.com\\\/wp-content\\\/uploads\\\/2022\\\/05\\\/cropped-cropped-cropped-logo-3.png\",\"width\":512,\"height\":512,\"caption\":\"Cojep International\"},\"image\":{\"@id\":\"https:\\\/\\\/cojep.com\\\/#\\\/schema\\\/logo\\\/image\\\/\"}},{\"@type\":\"Person\",\"@id\":\"https:\\\/\\\/cojep.com\\\/#\\\/schema\\\/person\\\/1ecf08016acfd3d6a23e474b711b28f9\",\"name\":\"Admin Cojep\",\"image\":{\"@type\":\"ImageObject\",\"inLanguage\":\"tr\",\"@id\":\"https:\\\/\\\/secure.gravatar.com\\\/avatar\\\/dcce3d5ee953d671cf8bce58041662d10b8577ace29a5e06173a432c53fcc587?s=96&d=mm&r=g\",\"url\":\"https:\\\/\\\/secure.gravatar.com\\\/avatar\\\/dcce3d5ee953d671cf8bce58041662d10b8577ace29a5e06173a432c53fcc587?s=96&d=mm&r=g\",\"contentUrl\":\"https:\\\/\\\/secure.gravatar.com\\\/avatar\\\/dcce3d5ee953d671cf8bce58041662d10b8577ace29a5e06173a432c53fcc587?s=96&d=mm&r=g\",\"caption\":\"Admin Cojep\"},\"sameAs\":[\"http:\\\/\\\/www.cojep.com\"]}]}<\/script>\n<!-- \/ Yoast SEO plugin. -->","yoast_head_json":{"title":"'Le Point bir dergi deg\u0306il bir operasyon ayg\u0131t\u0131' - Cojep International","robots":{"index":"index","follow":"follow","max-snippet":"max-snippet:-1","max-image-preview":"max-image-preview:large","max-video-preview":"max-video-preview:-1"},"canonical":"https:\/\/cojep.com\/tr\/cojep-presse\/cojep-press\/2018\/05\/24\/le-point-bir-dergi-deg\u0306il-bir-operasyon-aygiti\/","og_locale":"tr_TR","og_type":"article","og_title":"'Le Point bir dergi deg\u0306il bir operasyon ayg\u0131t\u0131' - Cojep International","og_description":"Frans\u0131z\u00a0Le Point\u00a0dergisinin bu haftaki say\u0131s\u0131nda T\u00fcrkiye,\u00a0Cumhurba\u015fkan\u0131 Recep Tayyip Erdo\u011fan\u00a0ve Fransa&rsquo;daki T\u00fcrk k\u00f6kenli ki\u015fi ve kurulu\u015flara y\u00f6nelik ifadeler tepkiyle kar\u015f\u0131land\u0131. Uluslararas\u0131 E\u015fitlik ve Bar\u0131\u015f Konseyi\u00a0(COJEP), Le Point dergisindeki haberde \u00f6ne s\u00fcr\u00fclen iddialar hakk\u0131nda yaz\u0131l\u0131 a\u00e7\u0131klama yapt\u0131. \u00ab\u00a0Le Point\u00a0\u00bb dergisinin 24 May\u0131s tarihli say\u0131s\u0131nda Fransa&rsquo;da faaliyet g\u00f6steren ve farkl\u0131 k\u00fclt\u00fcrleri temsil eden dernekler, yay\u0131n kurulus\u0327lar\u0131 ve siyasi&hellip; Read more","og_url":"https:\/\/cojep.com\/tr\/cojep-presse\/cojep-press\/2018\/05\/24\/le-point-bir-dergi-deg\u0306il-bir-operasyon-aygiti\/","og_site_name":"Cojep International","article_published_time":"2018-05-24T16:00:01+00:00","article_modified_time":"2021-01-13T07:04:47+00:00","og_image":[{"width":864,"height":486,"url":"https:\/\/cojep.com\/wp-content\/uploads\/2021\/01\/cojep-le-point.jpg","type":"image\/jpeg"}],"author":"Admin Cojep","twitter_card":"summary_large_image","twitter_misc":{"Yazan:":"Admin Cojep","Tahmini okuma s\u00fcresi":"3 dakika"},"schema":{"@context":"https:\/\/schema.org","@graph":[{"@type":"Article","@id":"https:\/\/cojep.com\/tr\/cojep-presse\/cojep-press\/2018\/05\/24\/le-point-bir-dergi-deg%cc%86il-bir-operasyon-aygiti\/#article","isPartOf":{"@id":"https:\/\/cojep.com\/tr\/cojep-presse\/cojep-press\/2018\/05\/24\/le-point-bir-dergi-deg%cc%86il-bir-operasyon-aygiti\/"},"author":{"name":"Admin Cojep","@id":"https:\/\/cojep.com\/#\/schema\/person\/1ecf08016acfd3d6a23e474b711b28f9"},"headline":"&lsquo;Le Point bir dergi deg\u0306il bir operasyon ayg\u0131t\u0131&rsquo;","datePublished":"2018-05-24T16:00:01+00:00","dateModified":"2021-01-13T07:04:47+00:00","mainEntityOfPage":{"@id":"https:\/\/cojep.com\/tr\/cojep-presse\/cojep-press\/2018\/05\/24\/le-point-bir-dergi-deg%cc%86il-bir-operasyon-aygiti\/"},"wordCount":650,"publisher":{"@id":"https:\/\/cojep.com\/#organization"},"image":{"@id":"https:\/\/cojep.com\/tr\/cojep-presse\/cojep-press\/2018\/05\/24\/le-point-bir-dergi-deg%cc%86il-bir-operasyon-aygiti\/#primaryimage"},"thumbnailUrl":"https:\/\/cojep.com\/wp-content\/uploads\/2021\/01\/cojep-le-point.jpg","articleSection":["Bas\u0131nda COJEP"],"inLanguage":"tr"},{"@type":"WebPage","@id":"https:\/\/cojep.com\/tr\/cojep-presse\/cojep-press\/2018\/05\/24\/le-point-bir-dergi-deg%cc%86il-bir-operasyon-aygiti\/","url":"https:\/\/cojep.com\/tr\/cojep-presse\/cojep-press\/2018\/05\/24\/le-point-bir-dergi-deg%cc%86il-bir-operasyon-aygiti\/","name":"'Le Point bir dergi deg\u0306il bir operasyon ayg\u0131t\u0131' - Cojep International","isPartOf":{"@id":"https:\/\/cojep.com\/#website"},"primaryImageOfPage":{"@id":"https:\/\/cojep.com\/tr\/cojep-presse\/cojep-press\/2018\/05\/24\/le-point-bir-dergi-deg%cc%86il-bir-operasyon-aygiti\/#primaryimage"},"image":{"@id":"https:\/\/cojep.com\/tr\/cojep-presse\/cojep-press\/2018\/05\/24\/le-point-bir-dergi-deg%cc%86il-bir-operasyon-aygiti\/#primaryimage"},"thumbnailUrl":"https:\/\/cojep.com\/wp-content\/uploads\/2021\/01\/cojep-le-point.jpg","datePublished":"2018-05-24T16:00:01+00:00","dateModified":"2021-01-13T07:04:47+00:00","inLanguage":"tr","potentialAction":[{"@type":"ReadAction","target":["https:\/\/cojep.com\/tr\/cojep-presse\/cojep-press\/2018\/05\/24\/le-point-bir-dergi-deg%cc%86il-bir-operasyon-aygiti\/"]}]},{"@type":"ImageObject","inLanguage":"tr","@id":"https:\/\/cojep.com\/tr\/cojep-presse\/cojep-press\/2018\/05\/24\/le-point-bir-dergi-deg%cc%86il-bir-operasyon-aygiti\/#primaryimage","url":"https:\/\/cojep.com\/wp-content\/uploads\/2021\/01\/cojep-le-point.jpg","contentUrl":"https:\/\/cojep.com\/wp-content\/uploads\/2021\/01\/cojep-le-point.jpg","width":864,"height":486},{"@type":"WebSite","@id":"https:\/\/cojep.com\/#website","url":"https:\/\/cojep.com\/","name":"Cojep International","description":"Adalet, E\u015fitlik ve Bar\u0131\u015f Konseyi","publisher":{"@id":"https:\/\/cojep.com\/#organization"},"potentialAction":[{"@type":"SearchAction","target":{"@type":"EntryPoint","urlTemplate":"https:\/\/cojep.com\/?s={search_term_string}"},"query-input":{"@type":"PropertyValueSpecification","valueRequired":true,"valueName":"search_term_string"}}],"inLanguage":"tr"},{"@type":"Organization","@id":"https:\/\/cojep.com\/#organization","name":"Cojep International","url":"https:\/\/cojep.com\/","logo":{"@type":"ImageObject","inLanguage":"tr","@id":"https:\/\/cojep.com\/#\/schema\/logo\/image\/","url":"https:\/\/cojep.com\/wp-content\/uploads\/2022\/05\/cropped-cropped-cropped-logo-3.png","contentUrl":"https:\/\/cojep.com\/wp-content\/uploads\/2022\/05\/cropped-cropped-cropped-logo-3.png","width":512,"height":512,"caption":"Cojep International"},"image":{"@id":"https:\/\/cojep.com\/#\/schema\/logo\/image\/"}},{"@type":"Person","@id":"https:\/\/cojep.com\/#\/schema\/person\/1ecf08016acfd3d6a23e474b711b28f9","name":"Admin Cojep","image":{"@type":"ImageObject","inLanguage":"tr","@id":"https:\/\/secure.gravatar.com\/avatar\/dcce3d5ee953d671cf8bce58041662d10b8577ace29a5e06173a432c53fcc587?s=96&d=mm&r=g","url":"https:\/\/secure.gravatar.com\/avatar\/dcce3d5ee953d671cf8bce58041662d10b8577ace29a5e06173a432c53fcc587?s=96&d=mm&r=g","contentUrl":"https:\/\/secure.gravatar.com\/avatar\/dcce3d5ee953d671cf8bce58041662d10b8577ace29a5e06173a432c53fcc587?s=96&d=mm&r=g","caption":"Admin Cojep"},"sameAs":["http:\/\/www.cojep.com"]}]}},"_links":{"self":[{"href":"https:\/\/cojep.com\/tr\/wp-json\/wp\/v2\/posts\/2422","targetHints":{"allow":["GET"]}}],"collection":[{"href":"https:\/\/cojep.com\/tr\/wp-json\/wp\/v2\/posts"}],"about":[{"href":"https:\/\/cojep.com\/tr\/wp-json\/wp\/v2\/types\/post"}],"author":[{"embeddable":true,"href":"https:\/\/cojep.com\/tr\/wp-json\/wp\/v2\/users\/2"}],"replies":[{"embeddable":true,"href":"https:\/\/cojep.com\/tr\/wp-json\/wp\/v2\/comments?post=2422"}],"version-history":[{"count":0,"href":"https:\/\/cojep.com\/tr\/wp-json\/wp\/v2\/posts\/2422\/revisions"}],"wp:featuredmedia":[{"embeddable":true,"href":"https:\/\/cojep.com\/tr\/wp-json\/wp\/v2\/media\/2423"}],"wp:attachment":[{"href":"https:\/\/cojep.com\/tr\/wp-json\/wp\/v2\/media?parent=2422"}],"wp:term":[{"taxonomy":"category","embeddable":true,"href":"https:\/\/cojep.com\/tr\/wp-json\/wp\/v2\/categories?post=2422"},{"taxonomy":"post_tag","embeddable":true,"href":"https:\/\/cojep.com\/tr\/wp-json\/wp\/v2\/tags?post=2422"}],"curies":[{"name":"wp","href":"https:\/\/api.w.org\/{rel}","templated":true}]}}