{"id":2836,"date":"2008-04-23T15:37:36","date_gmt":"2008-04-23T15:37:36","guid":{"rendered":"https:\/\/cojep.com\/?p=2836"},"modified":"2021-04-23T15:49:32","modified_gmt":"2021-04-23T15:49:32","slug":"prix-cojep-2008","status":"publish","type":"post","link":"https:\/\/cojep.com\/tr\/cojep\/prix-cojep\/2008\/04\/23\/prix-cojep-2008\/","title":{"rendered":"PRIX COJEP 2008"},"content":{"rendered":"<p style=\"text-align: center;\"><strong>Prix des Droits de l\u2019Homme de l\u2019Ann\u00e9e 2008<\/strong><\/p>\n<p style=\"text-align: center;\"><strong>Alima BOUMEDIENE-THIERY<\/strong><\/p>\n<p style=\"text-align: center;\"><strong>S\u00e9natrice Fran\u00e7aise<\/strong><\/p>\n<p style=\"text-align: center;\"><a href=\"https:\/\/cojep.com\/wp-content\/uploads\/2017\/02\/alima.jpg\"><img loading=\"lazy\" decoding=\"async\" class=\"alignnone wp-image-186\" src=\"https:\/\/cojep.com\/wp-content\/uploads\/2017\/02\/alima.jpg\" alt=\"alima\" width=\"320\" height=\"326\" \/><\/a><\/p>\n<p style=\"text-align: center;\"><strong>Prix du Dialogue Interculturel et de la Paix de l\u2019Ann\u00e9e 2008<\/strong><\/p>\n<p style=\"text-align: center;\"><strong>Gabriella BATTAINI-DRAGONI<\/strong><\/p>\n<p style=\"text-align: center;\"><strong>Directrice G\u00e9n\u00e9rale DG IV Conseil de l\u2019Europe<\/strong><\/p>\n<p style=\"text-align: center;\"><a href=\"https:\/\/cojep.com\/wp-content\/uploads\/2017\/02\/Bunyes.jpg\"><img loading=\"lazy\" decoding=\"async\" class=\"alignnone wp-image-187\" src=\"https:\/\/cojep.com\/wp-content\/uploads\/2017\/02\/Bunyes.jpg\" alt=\"Bunyes\" width=\"320\" height=\"316\" \/><\/a><\/p>\n<p style=\"text-align: center;\"><strong>\u00a0Prix 2008 de la Citoyennet\u00e9 Europ\u00e9enne<\/strong><\/p>\n<p style=\"text-align: center;\"><strong>Emine BOZKURT<\/strong><\/p>\n<p style=\"text-align: center;\"><strong>D\u00e9put\u00e9e Europ\u00e9enne<\/strong><\/p>\n<p style=\"text-align: center;\"><a href=\"https:\/\/cojep.com\/wp-content\/uploads\/2017\/02\/Emine-Bozkurt.jpg\"><img loading=\"lazy\" decoding=\"async\" class=\"alignnone wp-image-188\" src=\"https:\/\/cojep.com\/wp-content\/uploads\/2017\/02\/Emine-Bozkurt.jpg\" alt=\"Emine Bozkurt\" width=\"324\" height=\"282\" \/><\/a><\/p>\n<p style=\"text-align: center;\"><strong>\u00a0Prix du Sportif de l\u2019Ann\u00e9e 2008<\/strong><\/p>\n<p style=\"text-align: center;\"><strong>Mevl\u00fct ERD\u0130N\u00c7<\/strong><\/p>\n<p style=\"text-align: center;\"><img loading=\"lazy\" decoding=\"async\" class=\"alignnone\" src=\"https:\/\/cojep.com\/wp-content\/uploads\/2017\/02\/Erdincabisi.jpg\" width=\"449\" height=\"336\" \/><\/p>\n<p style=\"text-align: center;\"><strong>Footballeur Professionnel FC Sochaux<\/strong><\/p>\n<p style=\"text-align: center;\"><a href=\"https:\/\/cojep.com\/wp-content\/uploads\/2017\/02\/Hep-Beraber-e1412848605381.jpg\"><img loading=\"lazy\" decoding=\"async\" class=\"alignnone wp-image-190\" src=\"https:\/\/cojep.com\/wp-content\/uploads\/2017\/02\/Hep-Beraber-e1412848605381.jpg\" alt=\"Hep Beraber\" width=\"324\" height=\"243\" \/><\/a><\/p>\n<p style=\"text-align: center;\"><strong>Prix de l\u2019Homme Politique de l\u2019Ann\u00e9e 2008<\/strong><\/p>\n<p style=\"text-align: center;\"><strong>Jean &#8211; Philippe MAURER<\/strong><\/p>\n<p style=\"text-align: center;\"><strong>D\u00e9put\u00e9 Fran\u00e7ais<\/strong><\/p>\n<p style=\"text-align: center;\"><a href=\"https:\/\/cojep.com\/wp-content\/uploads\/2017\/02\/Morer-e1412848671454.jpg\"><img loading=\"lazy\" decoding=\"async\" class=\"alignnone wp-image-191\" src=\"https:\/\/cojep.com\/wp-content\/uploads\/2017\/02\/Morer-e1412848671454.jpg\" alt=\"Morer\" width=\"324\" height=\"359\" \/><\/a><\/p>\n<p style=\"text-align: center;\"><strong>Prix du Meilleur Concept TV de l\u2019Ann\u00e9e 2008<\/strong><\/p>\n<p style=\"text-align: center;\"><strong>\u00d6mer AYDIN \u00ab\u00a0Fransa G\u00fcnl\u00fc\u011f\u00fc\u00a0\u00bb<\/strong><\/p>\n<p style=\"text-align: center;\"><strong>R\u00e9alisateur<\/strong><\/p>\n<p style=\"text-align: center;\"><img loading=\"lazy\" decoding=\"async\" class=\"alignnone\" src=\"https:\/\/cojep.com\/wp-content\/uploads\/2017\/02\/OmerAydin.jpg\" width=\"449\" height=\"337\" \/><\/p>\n<p style=\"text-align: center;\"><strong>\u00a0Prix 2008 de la Soci\u00e9t\u00e9 Civile<\/strong><\/p>\n<p style=\"text-align: center;\"><strong>Samir DJAIZ<\/strong><\/p>\n<p style=\"text-align: center;\"><strong>S\u00e9cretaire G\u00e9n\u00e9ral PMC<\/strong><\/p>\n<p style=\"text-align: center;\"><a href=\"https:\/\/cojep.com\/wp-content\/uploads\/2017\/02\/Samir.jpg\"><img loading=\"lazy\" decoding=\"async\" class=\"alignnone wp-image-194\" src=\"https:\/\/cojep.com\/wp-content\/uploads\/2017\/02\/Samir.jpg\" alt=\"Samir\" width=\"326\" height=\"398\" \/><\/a><\/p>\n<p style=\"text-align: center;\"><strong>Prix 2008 de la Jeunesse<\/strong><\/p>\n<p style=\"text-align: center;\"><strong>Ali SARIKAYA<\/strong><\/p>\n<p style=\"text-align: center;\"><strong>Pr\u00e9sident ICYF<\/strong><\/p>\n<p><a href=\"https:\/\/cojep.com\/wp-content\/uploads\/2017\/02\/sarikaya.jpg\"><img loading=\"lazy\" decoding=\"async\" class=\"alignnone wp-image-195 aligncenter\" src=\"https:\/\/cojep.com\/wp-content\/uploads\/2017\/02\/sarikaya.jpg\" alt=\"sarikaya\" width=\"269\" height=\"266\" \/><\/a><\/p>","protected":false},"excerpt":{"rendered":"<p>Prix des Droits de l\u2019Homme de l\u2019Ann\u00e9e 2008 Alima BOUMEDIENE-THIERY S\u00e9natrice Fran\u00e7aise Prix du Dialogue Interculturel et de la Paix de l\u2019Ann\u00e9e 2008 Gabriella BATTAINI-DRAGONI Directrice G\u00e9n\u00e9rale DG IV Conseil de l\u2019Europe \u00a0Prix 2008 de la Citoyennet\u00e9 Europ\u00e9enne Emine BOZKURT D\u00e9put\u00e9e Europ\u00e9enne \u00a0Prix du Sportif de l\u2019Ann\u00e9e 2008 Mevl\u00fct ERD\u0130N\u00c7 Footballeur Professionnel FC Sochaux Prix&hellip; <br \/> <a class=\"read-more\" href=\"https:\/\/cojep.com\/tr\/cojep\/prix-cojep\/2008\/04\/23\/prix-cojep-2008\/\">Daha Fazla<\/a><\/p>","protected":false},"author":2,"featured_media":2837,"comment_status":"closed","ping_status":"open","sticky":false,"template":"","format":"standard","meta":{"footnotes":""},"categories":[433],"tags":[],"class_list":["post-2836","post","type-post","status-publish","format-standard","has-post-thumbnail","hentry","category-prix-cojep"],"yoast_head":"<!-- This site is optimized with the Yoast SEO plugin v27.3 - https:\/\/yoast.com\/product\/yoast-seo-wordpress\/ -->\n<title>PRIX COJEP 2008 - Cojep International<\/title>\n<meta name=\"robots\" content=\"index, follow, max-snippet:-1, max-image-preview:large, max-video-preview:-1\" \/>\n<link rel=\"canonical\" href=\"https:\/\/cojep.com\/tr\/cojep\/prix-cojep\/2008\/04\/23\/prix-cojep-2008\/\" \/>\n<meta property=\"og:locale\" content=\"tr_TR\" \/>\n<meta property=\"og:type\" content=\"article\" \/>\n<meta property=\"og:title\" content=\"PRIX COJEP 2008 - Cojep International\" \/>\n<meta property=\"og:description\" content=\"Prix des Droits de l\u2019Homme de l\u2019Ann\u00e9e 2008 Alima BOUMEDIENE-THIERY S\u00e9natrice Fran\u00e7aise Prix du Dialogue Interculturel et de la Paix de l\u2019Ann\u00e9e 2008 Gabriella BATTAINI-DRAGONI Directrice G\u00e9n\u00e9rale DG IV Conseil de l\u2019Europe \u00a0Prix 2008 de la Citoyennet\u00e9 Europ\u00e9enne Emine BOZKURT D\u00e9put\u00e9e Europ\u00e9enne \u00a0Prix du Sportif de l\u2019Ann\u00e9e 2008 Mevl\u00fct ERD\u0130N\u00c7 Footballeur Professionnel FC Sochaux Prix&hellip; Read more\" \/>\n<meta property=\"og:url\" content=\"https:\/\/cojep.com\/tr\/cojep\/prix-cojep\/2008\/04\/23\/prix-cojep-2008\/\" \/>\n<meta property=\"og:site_name\" content=\"Cojep International\" \/>\n<meta property=\"article:published_time\" content=\"2008-04-23T15:37:36+00:00\" \/>\n<meta property=\"article:modified_time\" content=\"2021-04-23T15:49:32+00:00\" \/>\n<meta property=\"og:image\" content=\"https:\/\/cojep.com\/wp-content\/uploads\/2021\/04\/Hep-Beraber-1024x768-1.jpg\" \/>\n\t<meta property=\"og:image:width\" content=\"1024\" \/>\n\t<meta property=\"og:image:height\" content=\"768\" \/>\n\t<meta property=\"og:image:type\" content=\"image\/jpeg\" \/>\n<meta name=\"author\" content=\"Admin Cojep\" \/>\n<meta name=\"twitter:card\" content=\"summary_large_image\" \/>\n<meta name=\"twitter:label1\" content=\"Yazan:\" \/>\n\t<meta name=\"twitter:data1\" content=\"Admin Cojep\" \/>\n\t<meta name=\"twitter:label2\" content=\"Tahmini okuma s\u00fcresi\" \/>\n\t<meta name=\"twitter:data2\" content=\"3 dakika\" \/>\n<script type=\"application\/ld+json\" class=\"yoast-schema-graph\">{\"@context\":\"https:\\\/\\\/schema.org\",\"@graph\":[{\"@type\":\"Article\",\"@id\":\"https:\\\/\\\/cojep.com\\\/cojep\\\/prix-cojep\\\/2008\\\/04\\\/23\\\/prix-cojep-2008\\\/#article\",\"isPartOf\":{\"@id\":\"https:\\\/\\\/cojep.com\\\/cojep\\\/prix-cojep\\\/2008\\\/04\\\/23\\\/prix-cojep-2008\\\/\"},\"author\":{\"name\":\"Admin Cojep\",\"@id\":\"https:\\\/\\\/cojep.com\\\/#\\\/schema\\\/person\\\/1ecf08016acfd3d6a23e474b711b28f9\"},\"headline\":\"PRIX COJEP 2008\",\"datePublished\":\"2008-04-23T15:37:36+00:00\",\"dateModified\":\"2021-04-23T15:49:32+00:00\",\"mainEntityOfPage\":{\"@id\":\"https:\\\/\\\/cojep.com\\\/cojep\\\/prix-cojep\\\/2008\\\/04\\\/23\\\/prix-cojep-2008\\\/\"},\"wordCount\":126,\"publisher\":{\"@id\":\"https:\\\/\\\/cojep.com\\\/#organization\"},\"image\":{\"@id\":\"https:\\\/\\\/cojep.com\\\/cojep\\\/prix-cojep\\\/2008\\\/04\\\/23\\\/prix-cojep-2008\\\/#primaryimage\"},\"thumbnailUrl\":\"https:\\\/\\\/cojep.com\\\/wp-content\\\/uploads\\\/2021\\\/04\\\/Hep-Beraber-1024x768-1.jpg\",\"articleSection\":[\"Prix COJEP\"],\"inLanguage\":\"tr\"},{\"@type\":\"WebPage\",\"@id\":\"https:\\\/\\\/cojep.com\\\/cojep\\\/prix-cojep\\\/2008\\\/04\\\/23\\\/prix-cojep-2008\\\/\",\"url\":\"https:\\\/\\\/cojep.com\\\/cojep\\\/prix-cojep\\\/2008\\\/04\\\/23\\\/prix-cojep-2008\\\/\",\"name\":\"PRIX COJEP 2008 - Cojep International\",\"isPartOf\":{\"@id\":\"https:\\\/\\\/cojep.com\\\/#website\"},\"primaryImageOfPage\":{\"@id\":\"https:\\\/\\\/cojep.com\\\/cojep\\\/prix-cojep\\\/2008\\\/04\\\/23\\\/prix-cojep-2008\\\/#primaryimage\"},\"image\":{\"@id\":\"https:\\\/\\\/cojep.com\\\/cojep\\\/prix-cojep\\\/2008\\\/04\\\/23\\\/prix-cojep-2008\\\/#primaryimage\"},\"thumbnailUrl\":\"https:\\\/\\\/cojep.com\\\/wp-content\\\/uploads\\\/2021\\\/04\\\/Hep-Beraber-1024x768-1.jpg\",\"datePublished\":\"2008-04-23T15:37:36+00:00\",\"dateModified\":\"2021-04-23T15:49:32+00:00\",\"inLanguage\":\"tr\",\"potentialAction\":[{\"@type\":\"ReadAction\",\"target\":[\"https:\\\/\\\/cojep.com\\\/cojep\\\/prix-cojep\\\/2008\\\/04\\\/23\\\/prix-cojep-2008\\\/\"]}]},{\"@type\":\"ImageObject\",\"inLanguage\":\"tr\",\"@id\":\"https:\\\/\\\/cojep.com\\\/cojep\\\/prix-cojep\\\/2008\\\/04\\\/23\\\/prix-cojep-2008\\\/#primaryimage\",\"url\":\"https:\\\/\\\/cojep.com\\\/wp-content\\\/uploads\\\/2021\\\/04\\\/Hep-Beraber-1024x768-1.jpg\",\"contentUrl\":\"https:\\\/\\\/cojep.com\\\/wp-content\\\/uploads\\\/2021\\\/04\\\/Hep-Beraber-1024x768-1.jpg\",\"width\":1024,\"height\":768},{\"@type\":\"WebSite\",\"@id\":\"https:\\\/\\\/cojep.com\\\/#website\",\"url\":\"https:\\\/\\\/cojep.com\\\/\",\"name\":\"Cojep International\",\"description\":\"Conseil pour la Justice, l&#039;Egalit\u00e9 et la Paix\",\"publisher\":{\"@id\":\"https:\\\/\\\/cojep.com\\\/#organization\"},\"potentialAction\":[{\"@type\":\"SearchAction\",\"target\":{\"@type\":\"EntryPoint\",\"urlTemplate\":\"https:\\\/\\\/cojep.com\\\/?s={search_term_string}\"},\"query-input\":{\"@type\":\"PropertyValueSpecification\",\"valueRequired\":true,\"valueName\":\"search_term_string\"}}],\"inLanguage\":\"tr\"},{\"@type\":\"Organization\",\"@id\":\"https:\\\/\\\/cojep.com\\\/#organization\",\"name\":\"Cojep International\",\"url\":\"https:\\\/\\\/cojep.com\\\/\",\"logo\":{\"@type\":\"ImageObject\",\"inLanguage\":\"tr\",\"@id\":\"https:\\\/\\\/cojep.com\\\/#\\\/schema\\\/logo\\\/image\\\/\",\"url\":\"https:\\\/\\\/cojep.com\\\/wp-content\\\/uploads\\\/2022\\\/05\\\/cropped-cropped-cropped-logo-3.png\",\"contentUrl\":\"https:\\\/\\\/cojep.com\\\/wp-content\\\/uploads\\\/2022\\\/05\\\/cropped-cropped-cropped-logo-3.png\",\"width\":512,\"height\":512,\"caption\":\"Cojep International\"},\"image\":{\"@id\":\"https:\\\/\\\/cojep.com\\\/#\\\/schema\\\/logo\\\/image\\\/\"}},{\"@type\":\"Person\",\"@id\":\"https:\\\/\\\/cojep.com\\\/#\\\/schema\\\/person\\\/1ecf08016acfd3d6a23e474b711b28f9\",\"name\":\"Admin Cojep\",\"image\":{\"@type\":\"ImageObject\",\"inLanguage\":\"tr\",\"@id\":\"https:\\\/\\\/secure.gravatar.com\\\/avatar\\\/dcce3d5ee953d671cf8bce58041662d10b8577ace29a5e06173a432c53fcc587?s=96&d=mm&r=g\",\"url\":\"https:\\\/\\\/secure.gravatar.com\\\/avatar\\\/dcce3d5ee953d671cf8bce58041662d10b8577ace29a5e06173a432c53fcc587?s=96&d=mm&r=g\",\"contentUrl\":\"https:\\\/\\\/secure.gravatar.com\\\/avatar\\\/dcce3d5ee953d671cf8bce58041662d10b8577ace29a5e06173a432c53fcc587?s=96&d=mm&r=g\",\"caption\":\"Admin Cojep\"},\"sameAs\":[\"http:\\\/\\\/www.cojep.com\"]}]}<\/script>\n<!-- \/ Yoast SEO plugin. -->","yoast_head_json":{"title":"PRIX COJEP 2008 - Cojep International","robots":{"index":"index","follow":"follow","max-snippet":"max-snippet:-1","max-image-preview":"max-image-preview:large","max-video-preview":"max-video-preview:-1"},"canonical":"https:\/\/cojep.com\/tr\/cojep\/prix-cojep\/2008\/04\/23\/prix-cojep-2008\/","og_locale":"tr_TR","og_type":"article","og_title":"PRIX COJEP 2008 - Cojep International","og_description":"Prix des Droits de l\u2019Homme de l\u2019Ann\u00e9e 2008 Alima BOUMEDIENE-THIERY S\u00e9natrice Fran\u00e7aise Prix du Dialogue Interculturel et de la Paix de l\u2019Ann\u00e9e 2008 Gabriella BATTAINI-DRAGONI Directrice G\u00e9n\u00e9rale DG IV Conseil de l\u2019Europe \u00a0Prix 2008 de la Citoyennet\u00e9 Europ\u00e9enne Emine BOZKURT D\u00e9put\u00e9e Europ\u00e9enne \u00a0Prix du Sportif de l\u2019Ann\u00e9e 2008 Mevl\u00fct ERD\u0130N\u00c7 Footballeur Professionnel FC Sochaux Prix&hellip; Read more","og_url":"https:\/\/cojep.com\/tr\/cojep\/prix-cojep\/2008\/04\/23\/prix-cojep-2008\/","og_site_name":"Cojep International","article_published_time":"2008-04-23T15:37:36+00:00","article_modified_time":"2021-04-23T15:49:32+00:00","og_image":[{"width":1024,"height":768,"url":"https:\/\/cojep.com\/wp-content\/uploads\/2021\/04\/Hep-Beraber-1024x768-1.jpg","type":"image\/jpeg"}],"author":"Admin Cojep","twitter_card":"summary_large_image","twitter_misc":{"Yazan:":"Admin Cojep","Tahmini okuma s\u00fcresi":"3 dakika"},"schema":{"@context":"https:\/\/schema.org","@graph":[{"@type":"Article","@id":"https:\/\/cojep.com\/cojep\/prix-cojep\/2008\/04\/23\/prix-cojep-2008\/#article","isPartOf":{"@id":"https:\/\/cojep.com\/cojep\/prix-cojep\/2008\/04\/23\/prix-cojep-2008\/"},"author":{"name":"Admin Cojep","@id":"https:\/\/cojep.com\/#\/schema\/person\/1ecf08016acfd3d6a23e474b711b28f9"},"headline":"PRIX COJEP 2008","datePublished":"2008-04-23T15:37:36+00:00","dateModified":"2021-04-23T15:49:32+00:00","mainEntityOfPage":{"@id":"https:\/\/cojep.com\/cojep\/prix-cojep\/2008\/04\/23\/prix-cojep-2008\/"},"wordCount":126,"publisher":{"@id":"https:\/\/cojep.com\/#organization"},"image":{"@id":"https:\/\/cojep.com\/cojep\/prix-cojep\/2008\/04\/23\/prix-cojep-2008\/#primaryimage"},"thumbnailUrl":"https:\/\/cojep.com\/wp-content\/uploads\/2021\/04\/Hep-Beraber-1024x768-1.jpg","articleSection":["Prix COJEP"],"inLanguage":"tr"},{"@type":"WebPage","@id":"https:\/\/cojep.com\/cojep\/prix-cojep\/2008\/04\/23\/prix-cojep-2008\/","url":"https:\/\/cojep.com\/cojep\/prix-cojep\/2008\/04\/23\/prix-cojep-2008\/","name":"PRIX COJEP 2008 - Cojep International","isPartOf":{"@id":"https:\/\/cojep.com\/#website"},"primaryImageOfPage":{"@id":"https:\/\/cojep.com\/cojep\/prix-cojep\/2008\/04\/23\/prix-cojep-2008\/#primaryimage"},"image":{"@id":"https:\/\/cojep.com\/cojep\/prix-cojep\/2008\/04\/23\/prix-cojep-2008\/#primaryimage"},"thumbnailUrl":"https:\/\/cojep.com\/wp-content\/uploads\/2021\/04\/Hep-Beraber-1024x768-1.jpg","datePublished":"2008-04-23T15:37:36+00:00","dateModified":"2021-04-23T15:49:32+00:00","inLanguage":"tr","potentialAction":[{"@type":"ReadAction","target":["https:\/\/cojep.com\/cojep\/prix-cojep\/2008\/04\/23\/prix-cojep-2008\/"]}]},{"@type":"ImageObject","inLanguage":"tr","@id":"https:\/\/cojep.com\/cojep\/prix-cojep\/2008\/04\/23\/prix-cojep-2008\/#primaryimage","url":"https:\/\/cojep.com\/wp-content\/uploads\/2021\/04\/Hep-Beraber-1024x768-1.jpg","contentUrl":"https:\/\/cojep.com\/wp-content\/uploads\/2021\/04\/Hep-Beraber-1024x768-1.jpg","width":1024,"height":768},{"@type":"WebSite","@id":"https:\/\/cojep.com\/#website","url":"https:\/\/cojep.com\/","name":"Cojep International","description":"Adalet, E\u015fitlik ve Bar\u0131\u015f Konseyi","publisher":{"@id":"https:\/\/cojep.com\/#organization"},"potentialAction":[{"@type":"SearchAction","target":{"@type":"EntryPoint","urlTemplate":"https:\/\/cojep.com\/?s={search_term_string}"},"query-input":{"@type":"PropertyValueSpecification","valueRequired":true,"valueName":"search_term_string"}}],"inLanguage":"tr"},{"@type":"Organization","@id":"https:\/\/cojep.com\/#organization","name":"Cojep International","url":"https:\/\/cojep.com\/","logo":{"@type":"ImageObject","inLanguage":"tr","@id":"https:\/\/cojep.com\/#\/schema\/logo\/image\/","url":"https:\/\/cojep.com\/wp-content\/uploads\/2022\/05\/cropped-cropped-cropped-logo-3.png","contentUrl":"https:\/\/cojep.com\/wp-content\/uploads\/2022\/05\/cropped-cropped-cropped-logo-3.png","width":512,"height":512,"caption":"Cojep International"},"image":{"@id":"https:\/\/cojep.com\/#\/schema\/logo\/image\/"}},{"@type":"Person","@id":"https:\/\/cojep.com\/#\/schema\/person\/1ecf08016acfd3d6a23e474b711b28f9","name":"Admin Cojep","image":{"@type":"ImageObject","inLanguage":"tr","@id":"https:\/\/secure.gravatar.com\/avatar\/dcce3d5ee953d671cf8bce58041662d10b8577ace29a5e06173a432c53fcc587?s=96&d=mm&r=g","url":"https:\/\/secure.gravatar.com\/avatar\/dcce3d5ee953d671cf8bce58041662d10b8577ace29a5e06173a432c53fcc587?s=96&d=mm&r=g","contentUrl":"https:\/\/secure.gravatar.com\/avatar\/dcce3d5ee953d671cf8bce58041662d10b8577ace29a5e06173a432c53fcc587?s=96&d=mm&r=g","caption":"Admin Cojep"},"sameAs":["http:\/\/www.cojep.com"]}]}},"_links":{"self":[{"href":"https:\/\/cojep.com\/tr\/wp-json\/wp\/v2\/posts\/2836","targetHints":{"allow":["GET"]}}],"collection":[{"href":"https:\/\/cojep.com\/tr\/wp-json\/wp\/v2\/posts"}],"about":[{"href":"https:\/\/cojep.com\/tr\/wp-json\/wp\/v2\/types\/post"}],"author":[{"embeddable":true,"href":"https:\/\/cojep.com\/tr\/wp-json\/wp\/v2\/users\/2"}],"replies":[{"embeddable":true,"href":"https:\/\/cojep.com\/tr\/wp-json\/wp\/v2\/comments?post=2836"}],"version-history":[{"count":4,"href":"https:\/\/cojep.com\/tr\/wp-json\/wp\/v2\/posts\/2836\/revisions"}],"predecessor-version":[{"id":2841,"href":"https:\/\/cojep.com\/tr\/wp-json\/wp\/v2\/posts\/2836\/revisions\/2841"}],"wp:featuredmedia":[{"embeddable":true,"href":"https:\/\/cojep.com\/tr\/wp-json\/wp\/v2\/media\/2837"}],"wp:attachment":[{"href":"https:\/\/cojep.com\/tr\/wp-json\/wp\/v2\/media?parent=2836"}],"wp:term":[{"taxonomy":"category","embeddable":true,"href":"https:\/\/cojep.com\/tr\/wp-json\/wp\/v2\/categories?post=2836"},{"taxonomy":"post_tag","embeddable":true,"href":"https:\/\/cojep.com\/tr\/wp-json\/wp\/v2\/tags?post=2836"}],"curies":[{"name":"wp","href":"https:\/\/api.w.org\/{rel}","templated":true}]}}