{"id":3098,"date":"2022-05-11T16:13:31","date_gmt":"2022-05-11T16:13:31","guid":{"rendered":"https:\/\/cojep.com\/?p=3098"},"modified":"2022-05-11T16:16:16","modified_gmt":"2022-05-11T16:16:16","slug":"cojep-international-european-parliament-program","status":"publish","type":"post","link":"https:\/\/cojep.com\/tr\/basinda-cojep\/2022\/05\/11\/cojep-international-european-parliament-program\/","title":{"rendered":"COJEP INTERNATIONAL EUROPEAN PARLIAMENT PROGRAM"},"content":{"rendered":"<p>Cojep International held a conference on whether this law, which narrows the areas of freedom of the Muslim communities living in France and is known as the \u00ab\u00a0Separatist Muslims law\u00a0\u00bb in the public, harms the European Union&rsquo;s ideal of coexistence.<\/p>\n<p>Cojep Secretary General Celil Y\u0131lmaz was the moderator of the conference, political scientist Fran\u00e7ois Burgat, activist and journalist Geiza Ben Mohammed, and Elias D&rsquo;Signature, one of the prominent activists in the fight against Islamophobia, emphasized that the law is a marginalizing and discriminating law.<\/p>\n<p>They emphasized the need for a new embrace that encompasses all segments of French society. They wanted politics, media and civil society to take responsibility for this issue.<br \/>\n\u0130smail Ertu\u011f, the Deputy Chairman and Member of Parliament of the socialist group hosting the program, was presented with the \u00ab\u00a0special award for supporting civil society\u00a0\u00bb by Ali Gediko\u011flu, President of Cojep International.<\/p>\n<div style=\"width: 1920px;\" class=\"wp-video\"><video class=\"wp-video-shortcode\" id=\"video-3098-1\" width=\"1920\" height=\"1080\" autoplay preload=\"metadata\" controls=\"controls\"><source type=\"video\/mp4\" src=\"https:\/\/cojep.com\/wp-content\/uploads\/2022\/05\/Adsiz-tasarim-9.mp4?_=1\" \/><a href=\"https:\/\/cojep.com\/wp-content\/uploads\/2022\/05\/Adsiz-tasarim-9.mp4\">https:\/\/cojep.com\/wp-content\/uploads\/2022\/05\/Adsiz-tasarim-9.mp4<\/a><\/video><\/div>","protected":false},"excerpt":{"rendered":"<p>Cojep International held a conference on whether this law, which narrows the areas of freedom of the Muslim communities living in France and is known as the \u00ab\u00a0Separatist Muslims law\u00a0\u00bb in the public, harms the European Union&rsquo;s ideal of coexistence. Cojep Secretary General Celil Y\u0131lmaz was the moderator of the conference, political scientist Fran\u00e7ois Burgat,&hellip; <br \/> <a class=\"read-more\" href=\"https:\/\/cojep.com\/tr\/basinda-cojep\/2022\/05\/11\/cojep-international-european-parliament-program\/\">Daha Fazla<\/a><\/p>","protected":false},"author":8,"featured_media":3093,"comment_status":"closed","ping_status":"open","sticky":false,"template":"","format":"video","meta":{"footnotes":""},"categories":[459,343],"tags":[],"class_list":["post-3098","post","type-post","status-publish","format-video","has-post-thumbnail","hentry","category-basinda-cojep","category-press-releases","post_format-post-format-video"],"yoast_head":"<!-- This site is optimized with the Yoast SEO plugin v27.3 - https:\/\/yoast.com\/product\/yoast-seo-wordpress\/ -->\n<title>COJEP INTERNATIONAL EUROPEAN PARLIAMENT PROGRAM - Cojep International<\/title>\n<meta name=\"robots\" content=\"index, follow, max-snippet:-1, max-image-preview:large, max-video-preview:-1\" \/>\n<link rel=\"canonical\" href=\"https:\/\/cojep.com\/tr\/basinda-cojep\/2022\/05\/11\/cojep-international-european-parliament-program\/\" \/>\n<meta property=\"og:locale\" content=\"tr_TR\" \/>\n<meta property=\"og:type\" content=\"article\" \/>\n<meta property=\"og:title\" content=\"COJEP INTERNATIONAL EUROPEAN PARLIAMENT PROGRAM - Cojep International\" \/>\n<meta property=\"og:description\" content=\"Cojep International held a conference on whether this law, which narrows the areas of freedom of the Muslim communities living in France and is known as the \u00ab\u00a0Separatist Muslims law\u00a0\u00bb in the public, harms the European Union&rsquo;s ideal of coexistence. Cojep Secretary General Celil Y\u0131lmaz was the moderator of the conference, political scientist Fran\u00e7ois Burgat,&hellip; Read more\" \/>\n<meta property=\"og:url\" content=\"https:\/\/cojep.com\/tr\/basinda-cojep\/2022\/05\/11\/cojep-international-european-parliament-program\/\" \/>\n<meta property=\"og:site_name\" content=\"Cojep International\" \/>\n<meta property=\"article:published_time\" content=\"2022-05-11T16:13:31+00:00\" \/>\n<meta property=\"article:modified_time\" content=\"2022-05-11T16:16:16+00:00\" \/>\n<meta property=\"og:image\" content=\"https:\/\/cojep.com\/wp-content\/uploads\/2022\/05\/WhatsApp-Image-2022-05-11-at-13.15.31-2.jpeg\" \/>\n\t<meta property=\"og:image:width\" content=\"2000\" \/>\n\t<meta property=\"og:image:height\" content=\"1500\" \/>\n\t<meta property=\"og:image:type\" content=\"image\/jpeg\" \/>\n<meta name=\"author\" content=\"cojepinternational\" \/>\n<meta name=\"twitter:card\" content=\"summary_large_image\" \/>\n<meta name=\"twitter:label1\" content=\"Yazan:\" \/>\n\t<meta name=\"twitter:data1\" content=\"cojepinternational\" \/>\n\t<meta name=\"twitter:label2\" content=\"Tahmini okuma s\u00fcresi\" \/>\n\t<meta name=\"twitter:data2\" content=\"1 dakika\" \/>\n<script type=\"application\/ld+json\" class=\"yoast-schema-graph\">{\"@context\":\"https:\\\/\\\/schema.org\",\"@graph\":[{\"@type\":\"Article\",\"@id\":\"https:\\\/\\\/cojep.com\\\/basinda-cojep\\\/2022\\\/05\\\/11\\\/cojep-international-european-parliament-program\\\/#article\",\"isPartOf\":{\"@id\":\"https:\\\/\\\/cojep.com\\\/basinda-cojep\\\/2022\\\/05\\\/11\\\/cojep-international-european-parliament-program\\\/\"},\"author\":{\"name\":\"cojepinternational\",\"@id\":\"https:\\\/\\\/cojep.com\\\/#\\\/schema\\\/person\\\/fed3cd04e9ec90524d1b1f682b5149ff\"},\"headline\":\"COJEP INTERNATIONAL EUROPEAN PARLIAMENT PROGRAM\",\"datePublished\":\"2022-05-11T16:13:31+00:00\",\"dateModified\":\"2022-05-11T16:16:16+00:00\",\"mainEntityOfPage\":{\"@id\":\"https:\\\/\\\/cojep.com\\\/basinda-cojep\\\/2022\\\/05\\\/11\\\/cojep-international-european-parliament-program\\\/\"},\"wordCount\":167,\"publisher\":{\"@id\":\"https:\\\/\\\/cojep.com\\\/#organization\"},\"image\":{\"@id\":\"https:\\\/\\\/cojep.com\\\/basinda-cojep\\\/2022\\\/05\\\/11\\\/cojep-international-european-parliament-program\\\/#primaryimage\"},\"thumbnailUrl\":\"https:\\\/\\\/cojep.com\\\/wp-content\\\/uploads\\\/2022\\\/05\\\/WhatsApp-Image-2022-05-11-at-13.15.31-2.jpeg\",\"articleSection\":[\"COJEP Press\",\"Press Releases\"],\"inLanguage\":\"tr\"},{\"@type\":\"WebPage\",\"@id\":\"https:\\\/\\\/cojep.com\\\/basinda-cojep\\\/2022\\\/05\\\/11\\\/cojep-international-european-parliament-program\\\/\",\"url\":\"https:\\\/\\\/cojep.com\\\/basinda-cojep\\\/2022\\\/05\\\/11\\\/cojep-international-european-parliament-program\\\/\",\"name\":\"COJEP INTERNATIONAL EUROPEAN PARLIAMENT PROGRAM - Cojep International\",\"isPartOf\":{\"@id\":\"https:\\\/\\\/cojep.com\\\/#website\"},\"primaryImageOfPage\":{\"@id\":\"https:\\\/\\\/cojep.com\\\/basinda-cojep\\\/2022\\\/05\\\/11\\\/cojep-international-european-parliament-program\\\/#primaryimage\"},\"image\":{\"@id\":\"https:\\\/\\\/cojep.com\\\/basinda-cojep\\\/2022\\\/05\\\/11\\\/cojep-international-european-parliament-program\\\/#primaryimage\"},\"thumbnailUrl\":\"https:\\\/\\\/cojep.com\\\/wp-content\\\/uploads\\\/2022\\\/05\\\/WhatsApp-Image-2022-05-11-at-13.15.31-2.jpeg\",\"datePublished\":\"2022-05-11T16:13:31+00:00\",\"dateModified\":\"2022-05-11T16:16:16+00:00\",\"inLanguage\":\"tr\",\"potentialAction\":[{\"@type\":\"ReadAction\",\"target\":[\"https:\\\/\\\/cojep.com\\\/basinda-cojep\\\/2022\\\/05\\\/11\\\/cojep-international-european-parliament-program\\\/\"]}]},{\"@type\":\"ImageObject\",\"inLanguage\":\"tr\",\"@id\":\"https:\\\/\\\/cojep.com\\\/basinda-cojep\\\/2022\\\/05\\\/11\\\/cojep-international-european-parliament-program\\\/#primaryimage\",\"url\":\"https:\\\/\\\/cojep.com\\\/wp-content\\\/uploads\\\/2022\\\/05\\\/WhatsApp-Image-2022-05-11-at-13.15.31-2.jpeg\",\"contentUrl\":\"https:\\\/\\\/cojep.com\\\/wp-content\\\/uploads\\\/2022\\\/05\\\/WhatsApp-Image-2022-05-11-at-13.15.31-2.jpeg\",\"width\":2000,\"height\":1500},{\"@type\":\"WebSite\",\"@id\":\"https:\\\/\\\/cojep.com\\\/#website\",\"url\":\"https:\\\/\\\/cojep.com\\\/\",\"name\":\"Cojep International\",\"description\":\"Conseil pour la Justice, l&#039;Egalit\u00e9 et la Paix\",\"publisher\":{\"@id\":\"https:\\\/\\\/cojep.com\\\/#organization\"},\"potentialAction\":[{\"@type\":\"SearchAction\",\"target\":{\"@type\":\"EntryPoint\",\"urlTemplate\":\"https:\\\/\\\/cojep.com\\\/?s={search_term_string}\"},\"query-input\":{\"@type\":\"PropertyValueSpecification\",\"valueRequired\":true,\"valueName\":\"search_term_string\"}}],\"inLanguage\":\"tr\"},{\"@type\":\"Organization\",\"@id\":\"https:\\\/\\\/cojep.com\\\/#organization\",\"name\":\"Cojep International\",\"url\":\"https:\\\/\\\/cojep.com\\\/\",\"logo\":{\"@type\":\"ImageObject\",\"inLanguage\":\"tr\",\"@id\":\"https:\\\/\\\/cojep.com\\\/#\\\/schema\\\/logo\\\/image\\\/\",\"url\":\"https:\\\/\\\/cojep.com\\\/wp-content\\\/uploads\\\/2022\\\/05\\\/cropped-cropped-cropped-logo-3.png\",\"contentUrl\":\"https:\\\/\\\/cojep.com\\\/wp-content\\\/uploads\\\/2022\\\/05\\\/cropped-cropped-cropped-logo-3.png\",\"width\":512,\"height\":512,\"caption\":\"Cojep International\"},\"image\":{\"@id\":\"https:\\\/\\\/cojep.com\\\/#\\\/schema\\\/logo\\\/image\\\/\"}},{\"@type\":\"Person\",\"@id\":\"https:\\\/\\\/cojep.com\\\/#\\\/schema\\\/person\\\/fed3cd04e9ec90524d1b1f682b5149ff\",\"name\":\"cojepinternational\",\"image\":{\"@type\":\"ImageObject\",\"inLanguage\":\"tr\",\"@id\":\"https:\\\/\\\/secure.gravatar.com\\\/avatar\\\/e640c67af2ef5f285d1e1b17302070e5502212ad519eaeb1d05e94a67d74d427?s=96&d=mm&r=g\",\"url\":\"https:\\\/\\\/secure.gravatar.com\\\/avatar\\\/e640c67af2ef5f285d1e1b17302070e5502212ad519eaeb1d05e94a67d74d427?s=96&d=mm&r=g\",\"contentUrl\":\"https:\\\/\\\/secure.gravatar.com\\\/avatar\\\/e640c67af2ef5f285d1e1b17302070e5502212ad519eaeb1d05e94a67d74d427?s=96&d=mm&r=g\",\"caption\":\"cojepinternational\"}}]}<\/script>\n<!-- \/ Yoast SEO plugin. -->","yoast_head_json":{"title":"COJEP INTERNATIONAL EUROPEAN PARLIAMENT PROGRAM - Cojep International","robots":{"index":"index","follow":"follow","max-snippet":"max-snippet:-1","max-image-preview":"max-image-preview:large","max-video-preview":"max-video-preview:-1"},"canonical":"https:\/\/cojep.com\/tr\/basinda-cojep\/2022\/05\/11\/cojep-international-european-parliament-program\/","og_locale":"tr_TR","og_type":"article","og_title":"COJEP INTERNATIONAL EUROPEAN PARLIAMENT PROGRAM - Cojep International","og_description":"Cojep International held a conference on whether this law, which narrows the areas of freedom of the Muslim communities living in France and is known as the \u00ab\u00a0Separatist Muslims law\u00a0\u00bb in the public, harms the European Union&rsquo;s ideal of coexistence. Cojep Secretary General Celil Y\u0131lmaz was the moderator of the conference, political scientist Fran\u00e7ois Burgat,&hellip; Read more","og_url":"https:\/\/cojep.com\/tr\/basinda-cojep\/2022\/05\/11\/cojep-international-european-parliament-program\/","og_site_name":"Cojep International","article_published_time":"2022-05-11T16:13:31+00:00","article_modified_time":"2022-05-11T16:16:16+00:00","og_image":[{"width":2000,"height":1500,"url":"https:\/\/cojep.com\/wp-content\/uploads\/2022\/05\/WhatsApp-Image-2022-05-11-at-13.15.31-2.jpeg","type":"image\/jpeg"}],"author":"cojepinternational","twitter_card":"summary_large_image","twitter_misc":{"Yazan:":"cojepinternational","Tahmini okuma s\u00fcresi":"1 dakika"},"schema":{"@context":"https:\/\/schema.org","@graph":[{"@type":"Article","@id":"https:\/\/cojep.com\/basinda-cojep\/2022\/05\/11\/cojep-international-european-parliament-program\/#article","isPartOf":{"@id":"https:\/\/cojep.com\/basinda-cojep\/2022\/05\/11\/cojep-international-european-parliament-program\/"},"author":{"name":"cojepinternational","@id":"https:\/\/cojep.com\/#\/schema\/person\/fed3cd04e9ec90524d1b1f682b5149ff"},"headline":"COJEP INTERNATIONAL EUROPEAN PARLIAMENT PROGRAM","datePublished":"2022-05-11T16:13:31+00:00","dateModified":"2022-05-11T16:16:16+00:00","mainEntityOfPage":{"@id":"https:\/\/cojep.com\/basinda-cojep\/2022\/05\/11\/cojep-international-european-parliament-program\/"},"wordCount":167,"publisher":{"@id":"https:\/\/cojep.com\/#organization"},"image":{"@id":"https:\/\/cojep.com\/basinda-cojep\/2022\/05\/11\/cojep-international-european-parliament-program\/#primaryimage"},"thumbnailUrl":"https:\/\/cojep.com\/wp-content\/uploads\/2022\/05\/WhatsApp-Image-2022-05-11-at-13.15.31-2.jpeg","articleSection":["COJEP Press","Press Releases"],"inLanguage":"tr"},{"@type":"WebPage","@id":"https:\/\/cojep.com\/basinda-cojep\/2022\/05\/11\/cojep-international-european-parliament-program\/","url":"https:\/\/cojep.com\/basinda-cojep\/2022\/05\/11\/cojep-international-european-parliament-program\/","name":"COJEP INTERNATIONAL EUROPEAN PARLIAMENT PROGRAM - Cojep International","isPartOf":{"@id":"https:\/\/cojep.com\/#website"},"primaryImageOfPage":{"@id":"https:\/\/cojep.com\/basinda-cojep\/2022\/05\/11\/cojep-international-european-parliament-program\/#primaryimage"},"image":{"@id":"https:\/\/cojep.com\/basinda-cojep\/2022\/05\/11\/cojep-international-european-parliament-program\/#primaryimage"},"thumbnailUrl":"https:\/\/cojep.com\/wp-content\/uploads\/2022\/05\/WhatsApp-Image-2022-05-11-at-13.15.31-2.jpeg","datePublished":"2022-05-11T16:13:31+00:00","dateModified":"2022-05-11T16:16:16+00:00","inLanguage":"tr","potentialAction":[{"@type":"ReadAction","target":["https:\/\/cojep.com\/basinda-cojep\/2022\/05\/11\/cojep-international-european-parliament-program\/"]}]},{"@type":"ImageObject","inLanguage":"tr","@id":"https:\/\/cojep.com\/basinda-cojep\/2022\/05\/11\/cojep-international-european-parliament-program\/#primaryimage","url":"https:\/\/cojep.com\/wp-content\/uploads\/2022\/05\/WhatsApp-Image-2022-05-11-at-13.15.31-2.jpeg","contentUrl":"https:\/\/cojep.com\/wp-content\/uploads\/2022\/05\/WhatsApp-Image-2022-05-11-at-13.15.31-2.jpeg","width":2000,"height":1500},{"@type":"WebSite","@id":"https:\/\/cojep.com\/#website","url":"https:\/\/cojep.com\/","name":"Cojep International","description":"Adalet, E\u015fitlik ve Bar\u0131\u015f Konseyi","publisher":{"@id":"https:\/\/cojep.com\/#organization"},"potentialAction":[{"@type":"SearchAction","target":{"@type":"EntryPoint","urlTemplate":"https:\/\/cojep.com\/?s={search_term_string}"},"query-input":{"@type":"PropertyValueSpecification","valueRequired":true,"valueName":"search_term_string"}}],"inLanguage":"tr"},{"@type":"Organization","@id":"https:\/\/cojep.com\/#organization","name":"Cojep International","url":"https:\/\/cojep.com\/","logo":{"@type":"ImageObject","inLanguage":"tr","@id":"https:\/\/cojep.com\/#\/schema\/logo\/image\/","url":"https:\/\/cojep.com\/wp-content\/uploads\/2022\/05\/cropped-cropped-cropped-logo-3.png","contentUrl":"https:\/\/cojep.com\/wp-content\/uploads\/2022\/05\/cropped-cropped-cropped-logo-3.png","width":512,"height":512,"caption":"Cojep International"},"image":{"@id":"https:\/\/cojep.com\/#\/schema\/logo\/image\/"}},{"@type":"Person","@id":"https:\/\/cojep.com\/#\/schema\/person\/fed3cd04e9ec90524d1b1f682b5149ff","name":"cojepinternational","image":{"@type":"ImageObject","inLanguage":"tr","@id":"https:\/\/secure.gravatar.com\/avatar\/e640c67af2ef5f285d1e1b17302070e5502212ad519eaeb1d05e94a67d74d427?s=96&d=mm&r=g","url":"https:\/\/secure.gravatar.com\/avatar\/e640c67af2ef5f285d1e1b17302070e5502212ad519eaeb1d05e94a67d74d427?s=96&d=mm&r=g","contentUrl":"https:\/\/secure.gravatar.com\/avatar\/e640c67af2ef5f285d1e1b17302070e5502212ad519eaeb1d05e94a67d74d427?s=96&d=mm&r=g","caption":"cojepinternational"}}]}},"_links":{"self":[{"href":"https:\/\/cojep.com\/tr\/wp-json\/wp\/v2\/posts\/3098","targetHints":{"allow":["GET"]}}],"collection":[{"href":"https:\/\/cojep.com\/tr\/wp-json\/wp\/v2\/posts"}],"about":[{"href":"https:\/\/cojep.com\/tr\/wp-json\/wp\/v2\/types\/post"}],"author":[{"embeddable":true,"href":"https:\/\/cojep.com\/tr\/wp-json\/wp\/v2\/users\/8"}],"replies":[{"embeddable":true,"href":"https:\/\/cojep.com\/tr\/wp-json\/wp\/v2\/comments?post=3098"}],"version-history":[{"count":1,"href":"https:\/\/cojep.com\/tr\/wp-json\/wp\/v2\/posts\/3098\/revisions"}],"predecessor-version":[{"id":3100,"href":"https:\/\/cojep.com\/tr\/wp-json\/wp\/v2\/posts\/3098\/revisions\/3100"}],"wp:featuredmedia":[{"embeddable":true,"href":"https:\/\/cojep.com\/tr\/wp-json\/wp\/v2\/media\/3093"}],"wp:attachment":[{"href":"https:\/\/cojep.com\/tr\/wp-json\/wp\/v2\/media?parent=3098"}],"wp:term":[{"taxonomy":"category","embeddable":true,"href":"https:\/\/cojep.com\/tr\/wp-json\/wp\/v2\/categories?post=3098"},{"taxonomy":"post_tag","embeddable":true,"href":"https:\/\/cojep.com\/tr\/wp-json\/wp\/v2\/tags?post=3098"}],"curies":[{"name":"wp","href":"https:\/\/api.w.org\/{rel}","templated":true}]}}