{"id":4421,"date":"2024-03-27T16:01:24","date_gmt":"2024-03-27T16:01:24","guid":{"rendered":"https:\/\/cojep.com\/?p=4421"},"modified":"2024-03-27T16:01:24","modified_gmt":"2024-03-27T16:01:24","slug":"le-pkk-est-une-menace-pour-la-securite-en-europe","status":"publish","type":"post","link":"https:\/\/cojep.com\/tr\/basin-aciklamalari\/2024\/03\/27\/le-pkk-est-une-menace-pour-la-securite-en-europe\/","title":{"rendered":"PKK Ter\u00f6r \u00d6rg\u00fct\u00fc Avrupa G\u00fcvenli\u011fi i\u00e7in Tehdittir."},"content":{"rendered":"<p>Bel\u00e7ika'da PKK sempatizanlar\u0131 taraf\u0131ndan ba\u015flat\u0131lan ve bug\u00fcn Br\u00fcksel'de devam eden, Avrupa'n\u0131n di\u011fer \u00fclkelerine s\u0131\u00e7rama riski ta\u015f\u0131yan T\u00fcrklere ve T\u00fcrklerin i\u015f yerlerine y\u00f6nelik sald\u0131r\u0131lar\u0131 \u015fiddetle k\u0131n\u0131yoruz. AB taraf\u0131ndan ter\u00f6r \u00f6rg\u00fct\u00fc listesinde olan ancak ter\u00f6r \u00f6rg\u00fct\u00fc bayrak ve flamalar\u0131 ile sokaklarda polis korumas\u0131nda y\u00fcr\u00fcy\u00fc\u015f yapan ter\u00f6r \u00f6rg\u00fct\u00fc sempatizanlar\u0131, sadece Avrupal\u0131 T\u00fcrklerin g\u00fcvenli\u011fini de\u011fil, Avrupa'n\u0131n g\u00fcvenli\u011fi i\u00e7in de bir tehdittir.<\/p>\n<p>Avrupa'n\u0131n i\u00e7 bar\u0131\u015f\u0131 ve g\u00fcvenli\u011fi i\u00e7in PKK'n\u0131n Avrupa'daki faaliyetleri acilen durdurulmal\u0131d\u0131r. PKK, nefreti ve \u015fiddeti y\u00f6ntem olarak benimsemi\u015f I\u015e\u0130D kadar tehlikeli bir ter\u00f6r \u00f6rg\u00fct\u00fcd\u00fcr ve Avrupa'daki sempatizanlar\u0131, PKK i\u00e7in Avrupa'dan insan ve finansal destek sa\u011flamaktad\u0131r. Bu engellenmelidir.<\/p>\n<p>Avrupa yurtta\u015f\u0131 T\u00fcrkler, dernek ba\u015fkan\u0131, i\u015f yeri sahibi, anne ve gen\u00e7ler, geli\u015fmelerden b\u00fcy\u00fck kayg\u0131 duymaktad\u0131r. Avrupa devlet yetkilileri, g\u00fcvenlik tedbirlerini artt\u0131rarak ve su\u00e7lular\u0131 biran \u00f6nce kanun \u00f6n\u00fcne \u00e7\u0131kararak, vatanda\u015flar\u0131m\u0131zdaki bu korku ve kayg\u0131lar\u0131 gidermelidir.<\/p>\n<p>Avrupa T\u00fcrkleri, \u015fiddete kar\u015f\u0131 g\u00fcvenlik g\u00fc\u00e7lerimizin ve otoritenin yan\u0131nda ve anar\u015finin kar\u015f\u0131s\u0131ndad\u0131r.<\/p>\n<p>Cojep International<\/p>\n<p>Ali Gediko\u011flu<\/p>","protected":false},"excerpt":{"rendered":"<p>Nous condamnons fermement les attaques dirig\u00e9es contre les Turcs et les entreprises turques en Belgique, initi\u00e9es par des sympathisants du PKK et se poursuivant aujourd&rsquo;hui \u00e0 Bruxelles, risquant de se propager \u00e0 d&rsquo;autres pays europ\u00e9ens. Les sympathisants du PKK, qui figure sur la liste des organisations terroristes de l&rsquo;UE, mais qui d\u00e9filent dans les rues&hellip; <br \/> <a class=\"read-more\" href=\"https:\/\/cojep.com\/tr\/basin-aciklamalari\/2024\/03\/27\/le-pkk-est-une-menace-pour-la-securite-en-europe\/\">Daha Fazla<\/a><\/p>","protected":false},"author":10,"featured_media":0,"comment_status":"closed","ping_status":"open","sticky":false,"template":"","format":"standard","meta":{"footnotes":""},"categories":[344],"tags":[],"class_list":["post-4421","post","type-post","status-publish","format-standard","hentry","category-basin-aciklamalari"],"yoast_head":"<!-- This site is optimized with the Yoast SEO plugin v27.3 - https:\/\/yoast.com\/product\/yoast-seo-wordpress\/ -->\n<title>Le PKK est une menace pour la s\u00e9curit\u00e9 en Europe - Cojep International<\/title>\n<meta name=\"robots\" content=\"index, follow, max-snippet:-1, max-image-preview:large, max-video-preview:-1\" \/>\n<link rel=\"canonical\" href=\"https:\/\/cojep.com\/tr\/basin-aciklamalari\/2024\/03\/27\/le-pkk-est-une-menace-pour-la-securite-en-europe\/\" \/>\n<meta property=\"og:locale\" content=\"tr_TR\" \/>\n<meta property=\"og:type\" content=\"article\" \/>\n<meta property=\"og:title\" content=\"Le PKK est une menace pour la s\u00e9curit\u00e9 en Europe - Cojep International\" \/>\n<meta property=\"og:description\" content=\"Nous condamnons fermement les attaques dirig\u00e9es contre les Turcs et les entreprises turques en Belgique, initi\u00e9es par des sympathisants du PKK et se poursuivant aujourd&rsquo;hui \u00e0 Bruxelles, risquant de se propager \u00e0 d&rsquo;autres pays europ\u00e9ens. Les sympathisants du PKK, qui figure sur la liste des organisations terroristes de l&rsquo;UE, mais qui d\u00e9filent dans les rues&hellip; Read more\" \/>\n<meta property=\"og:url\" content=\"https:\/\/cojep.com\/tr\/basin-aciklamalari\/2024\/03\/27\/le-pkk-est-une-menace-pour-la-securite-en-europe\/\" \/>\n<meta property=\"og:site_name\" content=\"Cojep International\" \/>\n<meta property=\"article:published_time\" content=\"2024-03-27T16:01:24+00:00\" \/>\n<meta name=\"author\" content=\"cojepfr\" \/>\n<meta name=\"twitter:card\" content=\"summary_large_image\" \/>\n<meta name=\"twitter:label1\" content=\"Yazan:\" \/>\n\t<meta name=\"twitter:data1\" content=\"cojepfr\" \/>\n\t<meta name=\"twitter:label2\" content=\"Tahmini okuma s\u00fcresi\" \/>\n\t<meta name=\"twitter:data2\" content=\"2 dakika\" \/>\n<script type=\"application\/ld+json\" class=\"yoast-schema-graph\">{\"@context\":\"https:\\\/\\\/schema.org\",\"@graph\":[{\"@type\":\"Article\",\"@id\":\"https:\\\/\\\/cojep.com\\\/basin-aciklamalari\\\/2024\\\/03\\\/27\\\/le-pkk-est-une-menace-pour-la-securite-en-europe\\\/#article\",\"isPartOf\":{\"@id\":\"https:\\\/\\\/cojep.com\\\/basin-aciklamalari\\\/2024\\\/03\\\/27\\\/le-pkk-est-une-menace-pour-la-securite-en-europe\\\/\"},\"author\":{\"name\":\"cojepfr\",\"@id\":\"https:\\\/\\\/cojep.com\\\/#\\\/schema\\\/person\\\/1dcb62f1d99a0e060f8c37c36edd3827\"},\"headline\":\"Le PKK est une menace pour la s\u00e9curit\u00e9 en Europe\",\"datePublished\":\"2024-03-27T16:01:24+00:00\",\"mainEntityOfPage\":{\"@id\":\"https:\\\/\\\/cojep.com\\\/basin-aciklamalari\\\/2024\\\/03\\\/27\\\/le-pkk-est-une-menace-pour-la-securite-en-europe\\\/\"},\"wordCount\":241,\"publisher\":{\"@id\":\"https:\\\/\\\/cojep.com\\\/#organization\"},\"articleSection\":[\"Bas\u0131n a\u00e7\u0131klamalar\u0131\"],\"inLanguage\":\"tr\"},{\"@type\":\"WebPage\",\"@id\":\"https:\\\/\\\/cojep.com\\\/basin-aciklamalari\\\/2024\\\/03\\\/27\\\/le-pkk-est-une-menace-pour-la-securite-en-europe\\\/\",\"url\":\"https:\\\/\\\/cojep.com\\\/basin-aciklamalari\\\/2024\\\/03\\\/27\\\/le-pkk-est-une-menace-pour-la-securite-en-europe\\\/\",\"name\":\"Le PKK est une menace pour la s\u00e9curit\u00e9 en Europe - Cojep International\",\"isPartOf\":{\"@id\":\"https:\\\/\\\/cojep.com\\\/#website\"},\"datePublished\":\"2024-03-27T16:01:24+00:00\",\"inLanguage\":\"tr\",\"potentialAction\":[{\"@type\":\"ReadAction\",\"target\":[\"https:\\\/\\\/cojep.com\\\/basin-aciklamalari\\\/2024\\\/03\\\/27\\\/le-pkk-est-une-menace-pour-la-securite-en-europe\\\/\"]}]},{\"@type\":\"WebSite\",\"@id\":\"https:\\\/\\\/cojep.com\\\/#website\",\"url\":\"https:\\\/\\\/cojep.com\\\/\",\"name\":\"Cojep International\",\"description\":\"Conseil pour la Justice, l&#039;Egalit\u00e9 et la Paix\",\"publisher\":{\"@id\":\"https:\\\/\\\/cojep.com\\\/#organization\"},\"potentialAction\":[{\"@type\":\"SearchAction\",\"target\":{\"@type\":\"EntryPoint\",\"urlTemplate\":\"https:\\\/\\\/cojep.com\\\/?s={search_term_string}\"},\"query-input\":{\"@type\":\"PropertyValueSpecification\",\"valueRequired\":true,\"valueName\":\"search_term_string\"}}],\"inLanguage\":\"tr\"},{\"@type\":\"Organization\",\"@id\":\"https:\\\/\\\/cojep.com\\\/#organization\",\"name\":\"Cojep International\",\"url\":\"https:\\\/\\\/cojep.com\\\/\",\"logo\":{\"@type\":\"ImageObject\",\"inLanguage\":\"tr\",\"@id\":\"https:\\\/\\\/cojep.com\\\/#\\\/schema\\\/logo\\\/image\\\/\",\"url\":\"https:\\\/\\\/cojep.com\\\/wp-content\\\/uploads\\\/2022\\\/05\\\/cropped-cropped-cropped-logo-3.png\",\"contentUrl\":\"https:\\\/\\\/cojep.com\\\/wp-content\\\/uploads\\\/2022\\\/05\\\/cropped-cropped-cropped-logo-3.png\",\"width\":512,\"height\":512,\"caption\":\"Cojep International\"},\"image\":{\"@id\":\"https:\\\/\\\/cojep.com\\\/#\\\/schema\\\/logo\\\/image\\\/\"}},{\"@type\":\"Person\",\"@id\":\"https:\\\/\\\/cojep.com\\\/#\\\/schema\\\/person\\\/1dcb62f1d99a0e060f8c37c36edd3827\",\"name\":\"cojepfr\",\"image\":{\"@type\":\"ImageObject\",\"inLanguage\":\"tr\",\"@id\":\"https:\\\/\\\/secure.gravatar.com\\\/avatar\\\/8ab60597b6f7bef1a2b448c97a8e4a911f917488454a7a20cab47b5cec0e50d7?s=96&d=mm&r=g\",\"url\":\"https:\\\/\\\/secure.gravatar.com\\\/avatar\\\/8ab60597b6f7bef1a2b448c97a8e4a911f917488454a7a20cab47b5cec0e50d7?s=96&d=mm&r=g\",\"contentUrl\":\"https:\\\/\\\/secure.gravatar.com\\\/avatar\\\/8ab60597b6f7bef1a2b448c97a8e4a911f917488454a7a20cab47b5cec0e50d7?s=96&d=mm&r=g\",\"caption\":\"cojepfr\"}}]}<\/script>\n<!-- \/ Yoast SEO plugin. -->","yoast_head_json":{"title":"Le PKK est une menace pour la s\u00e9curit\u00e9 en Europe - Cojep International","robots":{"index":"index","follow":"follow","max-snippet":"max-snippet:-1","max-image-preview":"max-image-preview:large","max-video-preview":"max-video-preview:-1"},"canonical":"https:\/\/cojep.com\/tr\/basin-aciklamalari\/2024\/03\/27\/le-pkk-est-une-menace-pour-la-securite-en-europe\/","og_locale":"tr_TR","og_type":"article","og_title":"Le PKK est une menace pour la s\u00e9curit\u00e9 en Europe - Cojep International","og_description":"Nous condamnons fermement les attaques dirig\u00e9es contre les Turcs et les entreprises turques en Belgique, initi\u00e9es par des sympathisants du PKK et se poursuivant aujourd&rsquo;hui \u00e0 Bruxelles, risquant de se propager \u00e0 d&rsquo;autres pays europ\u00e9ens. Les sympathisants du PKK, qui figure sur la liste des organisations terroristes de l&rsquo;UE, mais qui d\u00e9filent dans les rues&hellip; Read more","og_url":"https:\/\/cojep.com\/tr\/basin-aciklamalari\/2024\/03\/27\/le-pkk-est-une-menace-pour-la-securite-en-europe\/","og_site_name":"Cojep International","article_published_time":"2024-03-27T16:01:24+00:00","author":"cojepfr","twitter_card":"summary_large_image","twitter_misc":{"Yazan:":"cojepfr","Tahmini okuma s\u00fcresi":"2 dakika"},"schema":{"@context":"https:\/\/schema.org","@graph":[{"@type":"Article","@id":"https:\/\/cojep.com\/basin-aciklamalari\/2024\/03\/27\/le-pkk-est-une-menace-pour-la-securite-en-europe\/#article","isPartOf":{"@id":"https:\/\/cojep.com\/basin-aciklamalari\/2024\/03\/27\/le-pkk-est-une-menace-pour-la-securite-en-europe\/"},"author":{"name":"cojepfr","@id":"https:\/\/cojep.com\/#\/schema\/person\/1dcb62f1d99a0e060f8c37c36edd3827"},"headline":"Le PKK est une menace pour la s\u00e9curit\u00e9 en Europe","datePublished":"2024-03-27T16:01:24+00:00","mainEntityOfPage":{"@id":"https:\/\/cojep.com\/basin-aciklamalari\/2024\/03\/27\/le-pkk-est-une-menace-pour-la-securite-en-europe\/"},"wordCount":241,"publisher":{"@id":"https:\/\/cojep.com\/#organization"},"articleSection":["Bas\u0131n a\u00e7\u0131klamalar\u0131"],"inLanguage":"tr"},{"@type":"WebPage","@id":"https:\/\/cojep.com\/basin-aciklamalari\/2024\/03\/27\/le-pkk-est-une-menace-pour-la-securite-en-europe\/","url":"https:\/\/cojep.com\/basin-aciklamalari\/2024\/03\/27\/le-pkk-est-une-menace-pour-la-securite-en-europe\/","name":"Le PKK est une menace pour la s\u00e9curit\u00e9 en Europe - Cojep International","isPartOf":{"@id":"https:\/\/cojep.com\/#website"},"datePublished":"2024-03-27T16:01:24+00:00","inLanguage":"tr","potentialAction":[{"@type":"ReadAction","target":["https:\/\/cojep.com\/basin-aciklamalari\/2024\/03\/27\/le-pkk-est-une-menace-pour-la-securite-en-europe\/"]}]},{"@type":"WebSite","@id":"https:\/\/cojep.com\/#website","url":"https:\/\/cojep.com\/","name":"Cojep International","description":"Adalet, E\u015fitlik ve Bar\u0131\u015f Konseyi","publisher":{"@id":"https:\/\/cojep.com\/#organization"},"potentialAction":[{"@type":"SearchAction","target":{"@type":"EntryPoint","urlTemplate":"https:\/\/cojep.com\/?s={search_term_string}"},"query-input":{"@type":"PropertyValueSpecification","valueRequired":true,"valueName":"search_term_string"}}],"inLanguage":"tr"},{"@type":"Organization","@id":"https:\/\/cojep.com\/#organization","name":"Cojep International","url":"https:\/\/cojep.com\/","logo":{"@type":"ImageObject","inLanguage":"tr","@id":"https:\/\/cojep.com\/#\/schema\/logo\/image\/","url":"https:\/\/cojep.com\/wp-content\/uploads\/2022\/05\/cropped-cropped-cropped-logo-3.png","contentUrl":"https:\/\/cojep.com\/wp-content\/uploads\/2022\/05\/cropped-cropped-cropped-logo-3.png","width":512,"height":512,"caption":"Cojep International"},"image":{"@id":"https:\/\/cojep.com\/#\/schema\/logo\/image\/"}},{"@type":"Person","@id":"https:\/\/cojep.com\/#\/schema\/person\/1dcb62f1d99a0e060f8c37c36edd3827","name":"cojepfr","image":{"@type":"ImageObject","inLanguage":"tr","@id":"https:\/\/secure.gravatar.com\/avatar\/8ab60597b6f7bef1a2b448c97a8e4a911f917488454a7a20cab47b5cec0e50d7?s=96&d=mm&r=g","url":"https:\/\/secure.gravatar.com\/avatar\/8ab60597b6f7bef1a2b448c97a8e4a911f917488454a7a20cab47b5cec0e50d7?s=96&d=mm&r=g","contentUrl":"https:\/\/secure.gravatar.com\/avatar\/8ab60597b6f7bef1a2b448c97a8e4a911f917488454a7a20cab47b5cec0e50d7?s=96&d=mm&r=g","caption":"cojepfr"}}]}},"_links":{"self":[{"href":"https:\/\/cojep.com\/tr\/wp-json\/wp\/v2\/posts\/4421","targetHints":{"allow":["GET"]}}],"collection":[{"href":"https:\/\/cojep.com\/tr\/wp-json\/wp\/v2\/posts"}],"about":[{"href":"https:\/\/cojep.com\/tr\/wp-json\/wp\/v2\/types\/post"}],"author":[{"embeddable":true,"href":"https:\/\/cojep.com\/tr\/wp-json\/wp\/v2\/users\/10"}],"replies":[{"embeddable":true,"href":"https:\/\/cojep.com\/tr\/wp-json\/wp\/v2\/comments?post=4421"}],"version-history":[{"count":1,"href":"https:\/\/cojep.com\/tr\/wp-json\/wp\/v2\/posts\/4421\/revisions"}],"predecessor-version":[{"id":4422,"href":"https:\/\/cojep.com\/tr\/wp-json\/wp\/v2\/posts\/4421\/revisions\/4422"}],"wp:attachment":[{"href":"https:\/\/cojep.com\/tr\/wp-json\/wp\/v2\/media?parent=4421"}],"wp:term":[{"taxonomy":"category","embeddable":true,"href":"https:\/\/cojep.com\/tr\/wp-json\/wp\/v2\/categories?post=4421"},{"taxonomy":"post_tag","embeddable":true,"href":"https:\/\/cojep.com\/tr\/wp-json\/wp\/v2\/tags?post=4421"}],"curies":[{"name":"wp","href":"https:\/\/api.w.org\/{rel}","templated":true}]}}