{"id":4467,"date":"2026-03-10T20:19:09","date_gmt":"2026-03-10T20:19:09","guid":{"rendered":"https:\/\/cojep.com\/?p=4467"},"modified":"2026-03-10T20:27:55","modified_gmt":"2026-03-10T20:27:55","slug":"invitation-to-a-side-event-during-the-61st-session-of-the-human-rights-council","status":"publish","type":"post","link":"https:\/\/cojep.com\/tr\/a-la-une\/2026\/03\/10\/invitation-to-a-side-event-during-the-61st-session-of-the-human-rights-council\/","title":{"rendered":"61. \u0130nsan Haklar\u0131 Konseyi Oturumu s\u0131ras\u0131nda bir yan etkinli\u011fe davet"},"content":{"rendered":"<p data-start=\"181\" data-end=\"493\">24 Mart 2026 tarihinde, COJEP International, Birle\u015fmi\u015f Milletler \u0130nsan Haklar\u0131 Konseyi'nin 61. oturumu s\u0131ras\u0131nda dikkat \u00e7ekici bir yan etkinli\u011fe kat\u0131lmak \u00fczere kat\u0131l\u0131mc\u0131lar\u0131 davet ediyor. Etkinlik, Avrupa'daki g\u00fcvenlik politikalar\u0131 ve bu politikalar\u0131n M\u00fcsl\u00fcman topluluklar \u00fczerindeki etkisini ele alacak \u00f6nemli bir konuya odaklanacak.<\/p>\n<p data-start=\"495\" data-end=\"977\"><strong data-start=\"495\" data-end=\"506\">Konu:<\/strong> <em data-start=\"507\" data-end=\"637\">Almanya ve Fransa'n\u0131n G\u00fcvenlik Politikalar\u0131 I\u015f\u0131\u011f\u0131nda M\u00fcsl\u00fcmanlar \u0130\u00e7in Yeni G\u00fcvenlik Politikalar\u0131\u00a0<\/em><\/p>\n<p data-start=\"495\" data-end=\"977\"><br data-start=\"637\" data-end=\"640\" \/>Bu etkinlik, \u00f6zellikle Almanya ve Fransa'n\u0131n uygulad\u0131\u011f\u0131 g\u00fcvenlik yakla\u015f\u0131mlar\u0131n\u0131n, Avrupa'daki M\u00fcsl\u00fcman topluluklar \u00fczerindeki etkisini tart\u0131\u015fmak i\u00e7in e\u015fsiz bir f\u0131rsat sunacak. G\u00fcn\u00fcm\u00fcz g\u00fcvenlik zorluklar\u0131 ve bunlar\u0131n etkilenen topluluklar \u00fczerindeki sonu\u00e7lar\u0131 hakk\u0131nda fikir al\u0131\u015fveri\u015finde bulunulacak.<\/p>\n<p data-start=\"979\" data-end=\"1009\"><strong data-start=\"979\" data-end=\"1007\">Etkinlik Detaylar\u0131:<\/strong><\/p>\n<ul data-start=\"1010\" data-end=\"1110\">\n<li data-section-id=\"1gzdh7v\" data-start=\"1010\" data-end=\"1037\">\n<p data-start=\"1012\" data-end=\"1037\"><strong data-start=\"1012\" data-end=\"1022\">Tarih :<\/strong> 24 Mart 2026<\/p>\n<\/li>\n<li data-section-id=\"1344ft9\" data-start=\"1038\" data-end=\"1067\">\n<p data-start=\"1040\" data-end=\"1067\"><strong data-start=\"1040\" data-end=\"1051\">Saat :<\/strong> 15:00 \u2013 16:00<\/p>\n<\/li>\n<li data-section-id=\"1xa79kr\" data-start=\"1068\" data-end=\"1110\">\n<p data-start=\"1070\" data-end=\"1110\"><strong data-start=\"1070\" data-end=\"1080\">Yer :<\/strong> Concordia 1, Cenevre, \u0130svi\u00e7re<\/p>\n<\/li>\n<\/ul>\n<p data-start=\"1112\" data-end=\"1130\"><strong data-start=\"1112\" data-end=\"1128\">Moderat\u00f6r:<\/strong><\/p>\n<ul data-start=\"1131\" data-end=\"1144\">\n<li data-section-id=\"1xabb89\" data-start=\"1131\" data-end=\"1144\">\n<p data-start=\"1133\" data-end=\"1144\">Celi Y\u0131lmaz<\/p>\n<\/li>\n<\/ul>\n<p data-start=\"1146\" data-end=\"1166\"><strong data-start=\"1146\" data-end=\"1164\">Konu\u015fmac\u0131lar:<\/strong><\/p>\n<ul data-start=\"1167\" data-end=\"1212\">\n<li data-section-id=\"1u439o7\" data-start=\"1167\" data-end=\"1194\">\n<p data-start=\"1169\" data-end=\"1194\">Prof. Dr. Enes Bayrakl\u0131<\/p>\n<\/li>\n<li data-section-id=\"1vk3bml\" data-start=\"1195\" data-end=\"1212\">\n<p data-start=\"1197\" data-end=\"1212\">Dr. Murat Yi\u011fit<\/p>\n<\/li>\n<\/ul>\n<p data-start=\"1214\" data-end=\"1597\">Bu etkinlik, k\u00fcresel g\u00fcvenlik ve insan haklar\u0131 tart\u0131\u015fmalar\u0131n\u0131n bir par\u00e7as\u0131 olarak d\u00fczenleniyor. COJEP International, konuya ilgi duyan akademisyenleri, karar al\u0131c\u0131lar\u0131 ve herkesi bu kritik etkinli\u011fe kat\u0131lmaya davet ediyor. Avrupa'daki M\u00fcsl\u00fcman topluluklar i\u00e7in g\u00fcvenlik ve haklar konusunda bu \u00f6nemli tart\u0131\u015fmaya kat\u0131lma f\u0131rsat\u0131n\u0131 ka\u00e7\u0131rmay\u0131n.<\/p>\n<p data-start=\"1599\" data-end=\"1725\">Kat\u0131l\u0131m\u0131n\u0131z\u0131 d\u00f6rt g\u00f6zle bekliyoruz.<\/p>","protected":false},"excerpt":{"rendered":"<p>Le 24 mars 2026, COJEP International invite les participants \u00e0 un \u00e9v\u00e9nement parall\u00e8le captivant lors de la 61e session du Conseil des Droits de l&rsquo;Homme des Nations Unies. L&rsquo;\u00e9v\u00e9nement abordera une question fondamentale concernant les politiques de s\u00e9curit\u00e9 en Europe et leur impact sur les communaut\u00e9s musulmanes. Th\u00e8me : Nouvelles Politiques de S\u00e9curit\u00e9 pour les&hellip; <br \/> <a class=\"read-more\" href=\"https:\/\/cojep.com\/tr\/a-la-une\/2026\/03\/10\/invitation-to-a-side-event-during-the-61st-session-of-the-human-rights-council\/\">Daha Fazla<\/a><\/p>","protected":false},"author":2,"featured_media":4468,"comment_status":"closed","ping_status":"open","sticky":false,"template":"","format":"standard","meta":{"footnotes":""},"categories":[436,352],"tags":[],"class_list":["post-4467","post","type-post","status-publish","format-standard","has-post-thumbnail","hentry","category-a-la-une","category-united-nations-un"],"yoast_head":"<!-- This site is optimized with the Yoast SEO plugin v27.3 - https:\/\/yoast.com\/product\/yoast-seo-wordpress\/ -->\n<title>Invitation \u00e0 un \u00c9v\u00e9nement Officiel pendant la 61e Session du Conseil des Droits de l&#039;Homme - Cojep International<\/title>\n<meta name=\"robots\" content=\"index, follow, max-snippet:-1, max-image-preview:large, max-video-preview:-1\" \/>\n<link rel=\"canonical\" href=\"https:\/\/cojep.com\/tr\/a-la-une\/2026\/03\/10\/invitation-to-a-side-event-during-the-61st-session-of-the-human-rights-council\/\" \/>\n<meta property=\"og:locale\" content=\"tr_TR\" \/>\n<meta property=\"og:type\" content=\"article\" \/>\n<meta property=\"og:title\" content=\"Invitation \u00e0 un \u00c9v\u00e9nement Officiel pendant la 61e Session du Conseil des Droits de l&#039;Homme - Cojep International\" \/>\n<meta property=\"og:description\" content=\"Le 24 mars 2026, COJEP International invite les participants \u00e0 un \u00e9v\u00e9nement parall\u00e8le captivant lors de la 61e session du Conseil des Droits de l&rsquo;Homme des Nations Unies. L&rsquo;\u00e9v\u00e9nement abordera une question fondamentale concernant les politiques de s\u00e9curit\u00e9 en Europe et leur impact sur les communaut\u00e9s musulmanes. Th\u00e8me : Nouvelles Politiques de S\u00e9curit\u00e9 pour les&hellip; Read more\" \/>\n<meta property=\"og:url\" content=\"https:\/\/cojep.com\/tr\/a-la-une\/2026\/03\/10\/invitation-to-a-side-event-during-the-61st-session-of-the-human-rights-council\/\" \/>\n<meta property=\"og:site_name\" content=\"Cojep International\" \/>\n<meta property=\"article:published_time\" content=\"2026-03-10T20:19:09+00:00\" \/>\n<meta property=\"article:modified_time\" content=\"2026-03-10T20:27:55+00:00\" \/>\n<meta property=\"og:image\" content=\"https:\/\/cojep.com\/wp-content\/uploads\/2026\/03\/WhatsApp-Image-2026-03-10-at-14.25.48.jpeg\" \/>\n\t<meta property=\"og:image:width\" content=\"1024\" \/>\n\t<meta property=\"og:image:height\" content=\"1536\" \/>\n\t<meta property=\"og:image:type\" content=\"image\/jpeg\" \/>\n<meta name=\"author\" content=\"Admin Cojep\" \/>\n<meta name=\"twitter:card\" content=\"summary_large_image\" \/>\n<meta name=\"twitter:label1\" content=\"Yazan:\" \/>\n\t<meta name=\"twitter:data1\" content=\"Admin Cojep\" \/>\n\t<meta name=\"twitter:label2\" content=\"Tahmini okuma s\u00fcresi\" \/>\n\t<meta name=\"twitter:data2\" content=\"2 dakika\" \/>\n<script type=\"application\/ld+json\" class=\"yoast-schema-graph\">{\"@context\":\"https:\\\/\\\/schema.org\",\"@graph\":[{\"@type\":\"Article\",\"@id\":\"https:\\\/\\\/cojep.com\\\/a-la-une\\\/2026\\\/03\\\/10\\\/invitation-to-a-side-event-during-the-61st-session-of-the-human-rights-council\\\/#article\",\"isPartOf\":{\"@id\":\"https:\\\/\\\/cojep.com\\\/a-la-une\\\/2026\\\/03\\\/10\\\/invitation-to-a-side-event-during-the-61st-session-of-the-human-rights-council\\\/\"},\"author\":{\"name\":\"Admin Cojep\",\"@id\":\"https:\\\/\\\/cojep.com\\\/#\\\/schema\\\/person\\\/1ecf08016acfd3d6a23e474b711b28f9\"},\"headline\":\"Invitation \u00e0 un \u00c9v\u00e9nement Officiel pendant la 61e Session du Conseil des Droits de l&rsquo;Homme\",\"datePublished\":\"2026-03-10T20:19:09+00:00\",\"dateModified\":\"2026-03-10T20:27:55+00:00\",\"mainEntityOfPage\":{\"@id\":\"https:\\\/\\\/cojep.com\\\/a-la-une\\\/2026\\\/03\\\/10\\\/invitation-to-a-side-event-during-the-61st-session-of-the-human-rights-council\\\/\"},\"wordCount\":261,\"publisher\":{\"@id\":\"https:\\\/\\\/cojep.com\\\/#organization\"},\"image\":{\"@id\":\"https:\\\/\\\/cojep.com\\\/a-la-une\\\/2026\\\/03\\\/10\\\/invitation-to-a-side-event-during-the-61st-session-of-the-human-rights-council\\\/#primaryimage\"},\"thumbnailUrl\":\"https:\\\/\\\/cojep.com\\\/wp-content\\\/uploads\\\/2026\\\/03\\\/WhatsApp-Image-2026-03-10-at-14.25.48.jpeg\",\"articleSection\":[\"A LA UNE\",\"United Nations\"],\"inLanguage\":\"tr\"},{\"@type\":\"WebPage\",\"@id\":\"https:\\\/\\\/cojep.com\\\/a-la-une\\\/2026\\\/03\\\/10\\\/invitation-to-a-side-event-during-the-61st-session-of-the-human-rights-council\\\/\",\"url\":\"https:\\\/\\\/cojep.com\\\/a-la-une\\\/2026\\\/03\\\/10\\\/invitation-to-a-side-event-during-the-61st-session-of-the-human-rights-council\\\/\",\"name\":\"Invitation \u00e0 un \u00c9v\u00e9nement Officiel pendant la 61e Session du Conseil des Droits de l'Homme - Cojep International\",\"isPartOf\":{\"@id\":\"https:\\\/\\\/cojep.com\\\/#website\"},\"primaryImageOfPage\":{\"@id\":\"https:\\\/\\\/cojep.com\\\/a-la-une\\\/2026\\\/03\\\/10\\\/invitation-to-a-side-event-during-the-61st-session-of-the-human-rights-council\\\/#primaryimage\"},\"image\":{\"@id\":\"https:\\\/\\\/cojep.com\\\/a-la-une\\\/2026\\\/03\\\/10\\\/invitation-to-a-side-event-during-the-61st-session-of-the-human-rights-council\\\/#primaryimage\"},\"thumbnailUrl\":\"https:\\\/\\\/cojep.com\\\/wp-content\\\/uploads\\\/2026\\\/03\\\/WhatsApp-Image-2026-03-10-at-14.25.48.jpeg\",\"datePublished\":\"2026-03-10T20:19:09+00:00\",\"dateModified\":\"2026-03-10T20:27:55+00:00\",\"inLanguage\":\"tr\",\"potentialAction\":[{\"@type\":\"ReadAction\",\"target\":[\"https:\\\/\\\/cojep.com\\\/a-la-une\\\/2026\\\/03\\\/10\\\/invitation-to-a-side-event-during-the-61st-session-of-the-human-rights-council\\\/\"]}]},{\"@type\":\"ImageObject\",\"inLanguage\":\"tr\",\"@id\":\"https:\\\/\\\/cojep.com\\\/a-la-une\\\/2026\\\/03\\\/10\\\/invitation-to-a-side-event-during-the-61st-session-of-the-human-rights-council\\\/#primaryimage\",\"url\":\"https:\\\/\\\/cojep.com\\\/wp-content\\\/uploads\\\/2026\\\/03\\\/WhatsApp-Image-2026-03-10-at-14.25.48.jpeg\",\"contentUrl\":\"https:\\\/\\\/cojep.com\\\/wp-content\\\/uploads\\\/2026\\\/03\\\/WhatsApp-Image-2026-03-10-at-14.25.48.jpeg\",\"width\":1024,\"height\":1536},{\"@type\":\"WebSite\",\"@id\":\"https:\\\/\\\/cojep.com\\\/#website\",\"url\":\"https:\\\/\\\/cojep.com\\\/\",\"name\":\"Cojep International\",\"description\":\"Conseil pour la Justice, l&#039;Egalit\u00e9 et la Paix\",\"publisher\":{\"@id\":\"https:\\\/\\\/cojep.com\\\/#organization\"},\"potentialAction\":[{\"@type\":\"SearchAction\",\"target\":{\"@type\":\"EntryPoint\",\"urlTemplate\":\"https:\\\/\\\/cojep.com\\\/?s={search_term_string}\"},\"query-input\":{\"@type\":\"PropertyValueSpecification\",\"valueRequired\":true,\"valueName\":\"search_term_string\"}}],\"inLanguage\":\"tr\"},{\"@type\":\"Organization\",\"@id\":\"https:\\\/\\\/cojep.com\\\/#organization\",\"name\":\"Cojep International\",\"url\":\"https:\\\/\\\/cojep.com\\\/\",\"logo\":{\"@type\":\"ImageObject\",\"inLanguage\":\"tr\",\"@id\":\"https:\\\/\\\/cojep.com\\\/#\\\/schema\\\/logo\\\/image\\\/\",\"url\":\"https:\\\/\\\/cojep.com\\\/wp-content\\\/uploads\\\/2022\\\/05\\\/cropped-cropped-cropped-logo-3.png\",\"contentUrl\":\"https:\\\/\\\/cojep.com\\\/wp-content\\\/uploads\\\/2022\\\/05\\\/cropped-cropped-cropped-logo-3.png\",\"width\":512,\"height\":512,\"caption\":\"Cojep International\"},\"image\":{\"@id\":\"https:\\\/\\\/cojep.com\\\/#\\\/schema\\\/logo\\\/image\\\/\"}},{\"@type\":\"Person\",\"@id\":\"https:\\\/\\\/cojep.com\\\/#\\\/schema\\\/person\\\/1ecf08016acfd3d6a23e474b711b28f9\",\"name\":\"Admin Cojep\",\"image\":{\"@type\":\"ImageObject\",\"inLanguage\":\"tr\",\"@id\":\"https:\\\/\\\/secure.gravatar.com\\\/avatar\\\/dcce3d5ee953d671cf8bce58041662d10b8577ace29a5e06173a432c53fcc587?s=96&d=mm&r=g\",\"url\":\"https:\\\/\\\/secure.gravatar.com\\\/avatar\\\/dcce3d5ee953d671cf8bce58041662d10b8577ace29a5e06173a432c53fcc587?s=96&d=mm&r=g\",\"contentUrl\":\"https:\\\/\\\/secure.gravatar.com\\\/avatar\\\/dcce3d5ee953d671cf8bce58041662d10b8577ace29a5e06173a432c53fcc587?s=96&d=mm&r=g\",\"caption\":\"Admin Cojep\"},\"sameAs\":[\"http:\\\/\\\/www.cojep.com\"]}]}<\/script>\n<!-- \/ Yoast SEO plugin. -->","yoast_head_json":{"title":"Invitation \u00e0 un \u00c9v\u00e9nement Officiel pendant la 61e Session du Conseil des Droits de l'Homme - Cojep International","robots":{"index":"index","follow":"follow","max-snippet":"max-snippet:-1","max-image-preview":"max-image-preview:large","max-video-preview":"max-video-preview:-1"},"canonical":"https:\/\/cojep.com\/tr\/a-la-une\/2026\/03\/10\/invitation-to-a-side-event-during-the-61st-session-of-the-human-rights-council\/","og_locale":"tr_TR","og_type":"article","og_title":"Invitation \u00e0 un \u00c9v\u00e9nement Officiel pendant la 61e Session du Conseil des Droits de l'Homme - Cojep International","og_description":"Le 24 mars 2026, COJEP International invite les participants \u00e0 un \u00e9v\u00e9nement parall\u00e8le captivant lors de la 61e session du Conseil des Droits de l&rsquo;Homme des Nations Unies. L&rsquo;\u00e9v\u00e9nement abordera une question fondamentale concernant les politiques de s\u00e9curit\u00e9 en Europe et leur impact sur les communaut\u00e9s musulmanes. Th\u00e8me : Nouvelles Politiques de S\u00e9curit\u00e9 pour les&hellip; Read more","og_url":"https:\/\/cojep.com\/tr\/a-la-une\/2026\/03\/10\/invitation-to-a-side-event-during-the-61st-session-of-the-human-rights-council\/","og_site_name":"Cojep International","article_published_time":"2026-03-10T20:19:09+00:00","article_modified_time":"2026-03-10T20:27:55+00:00","og_image":[{"width":1024,"height":1536,"url":"https:\/\/cojep.com\/wp-content\/uploads\/2026\/03\/WhatsApp-Image-2026-03-10-at-14.25.48.jpeg","type":"image\/jpeg"}],"author":"Admin Cojep","twitter_card":"summary_large_image","twitter_misc":{"Yazan:":"Admin Cojep","Tahmini okuma s\u00fcresi":"2 dakika"},"schema":{"@context":"https:\/\/schema.org","@graph":[{"@type":"Article","@id":"https:\/\/cojep.com\/a-la-une\/2026\/03\/10\/invitation-to-a-side-event-during-the-61st-session-of-the-human-rights-council\/#article","isPartOf":{"@id":"https:\/\/cojep.com\/a-la-une\/2026\/03\/10\/invitation-to-a-side-event-during-the-61st-session-of-the-human-rights-council\/"},"author":{"name":"Admin Cojep","@id":"https:\/\/cojep.com\/#\/schema\/person\/1ecf08016acfd3d6a23e474b711b28f9"},"headline":"Invitation \u00e0 un \u00c9v\u00e9nement Officiel pendant la 61e Session du Conseil des Droits de l&rsquo;Homme","datePublished":"2026-03-10T20:19:09+00:00","dateModified":"2026-03-10T20:27:55+00:00","mainEntityOfPage":{"@id":"https:\/\/cojep.com\/a-la-une\/2026\/03\/10\/invitation-to-a-side-event-during-the-61st-session-of-the-human-rights-council\/"},"wordCount":261,"publisher":{"@id":"https:\/\/cojep.com\/#organization"},"image":{"@id":"https:\/\/cojep.com\/a-la-une\/2026\/03\/10\/invitation-to-a-side-event-during-the-61st-session-of-the-human-rights-council\/#primaryimage"},"thumbnailUrl":"https:\/\/cojep.com\/wp-content\/uploads\/2026\/03\/WhatsApp-Image-2026-03-10-at-14.25.48.jpeg","articleSection":["A LA UNE","United Nations"],"inLanguage":"tr"},{"@type":"WebPage","@id":"https:\/\/cojep.com\/a-la-une\/2026\/03\/10\/invitation-to-a-side-event-during-the-61st-session-of-the-human-rights-council\/","url":"https:\/\/cojep.com\/a-la-une\/2026\/03\/10\/invitation-to-a-side-event-during-the-61st-session-of-the-human-rights-council\/","name":"Invitation \u00e0 un \u00c9v\u00e9nement Officiel pendant la 61e Session du Conseil des Droits de l'Homme - Cojep International","isPartOf":{"@id":"https:\/\/cojep.com\/#website"},"primaryImageOfPage":{"@id":"https:\/\/cojep.com\/a-la-une\/2026\/03\/10\/invitation-to-a-side-event-during-the-61st-session-of-the-human-rights-council\/#primaryimage"},"image":{"@id":"https:\/\/cojep.com\/a-la-une\/2026\/03\/10\/invitation-to-a-side-event-during-the-61st-session-of-the-human-rights-council\/#primaryimage"},"thumbnailUrl":"https:\/\/cojep.com\/wp-content\/uploads\/2026\/03\/WhatsApp-Image-2026-03-10-at-14.25.48.jpeg","datePublished":"2026-03-10T20:19:09+00:00","dateModified":"2026-03-10T20:27:55+00:00","inLanguage":"tr","potentialAction":[{"@type":"ReadAction","target":["https:\/\/cojep.com\/a-la-une\/2026\/03\/10\/invitation-to-a-side-event-during-the-61st-session-of-the-human-rights-council\/"]}]},{"@type":"ImageObject","inLanguage":"tr","@id":"https:\/\/cojep.com\/a-la-une\/2026\/03\/10\/invitation-to-a-side-event-during-the-61st-session-of-the-human-rights-council\/#primaryimage","url":"https:\/\/cojep.com\/wp-content\/uploads\/2026\/03\/WhatsApp-Image-2026-03-10-at-14.25.48.jpeg","contentUrl":"https:\/\/cojep.com\/wp-content\/uploads\/2026\/03\/WhatsApp-Image-2026-03-10-at-14.25.48.jpeg","width":1024,"height":1536},{"@type":"WebSite","@id":"https:\/\/cojep.com\/#website","url":"https:\/\/cojep.com\/","name":"Cojep International","description":"Adalet, E\u015fitlik ve Bar\u0131\u015f Konseyi","publisher":{"@id":"https:\/\/cojep.com\/#organization"},"potentialAction":[{"@type":"SearchAction","target":{"@type":"EntryPoint","urlTemplate":"https:\/\/cojep.com\/?s={search_term_string}"},"query-input":{"@type":"PropertyValueSpecification","valueRequired":true,"valueName":"search_term_string"}}],"inLanguage":"tr"},{"@type":"Organization","@id":"https:\/\/cojep.com\/#organization","name":"Cojep International","url":"https:\/\/cojep.com\/","logo":{"@type":"ImageObject","inLanguage":"tr","@id":"https:\/\/cojep.com\/#\/schema\/logo\/image\/","url":"https:\/\/cojep.com\/wp-content\/uploads\/2022\/05\/cropped-cropped-cropped-logo-3.png","contentUrl":"https:\/\/cojep.com\/wp-content\/uploads\/2022\/05\/cropped-cropped-cropped-logo-3.png","width":512,"height":512,"caption":"Cojep International"},"image":{"@id":"https:\/\/cojep.com\/#\/schema\/logo\/image\/"}},{"@type":"Person","@id":"https:\/\/cojep.com\/#\/schema\/person\/1ecf08016acfd3d6a23e474b711b28f9","name":"Admin Cojep","image":{"@type":"ImageObject","inLanguage":"tr","@id":"https:\/\/secure.gravatar.com\/avatar\/dcce3d5ee953d671cf8bce58041662d10b8577ace29a5e06173a432c53fcc587?s=96&d=mm&r=g","url":"https:\/\/secure.gravatar.com\/avatar\/dcce3d5ee953d671cf8bce58041662d10b8577ace29a5e06173a432c53fcc587?s=96&d=mm&r=g","contentUrl":"https:\/\/secure.gravatar.com\/avatar\/dcce3d5ee953d671cf8bce58041662d10b8577ace29a5e06173a432c53fcc587?s=96&d=mm&r=g","caption":"Admin Cojep"},"sameAs":["http:\/\/www.cojep.com"]}]}},"_links":{"self":[{"href":"https:\/\/cojep.com\/tr\/wp-json\/wp\/v2\/posts\/4467","targetHints":{"allow":["GET"]}}],"collection":[{"href":"https:\/\/cojep.com\/tr\/wp-json\/wp\/v2\/posts"}],"about":[{"href":"https:\/\/cojep.com\/tr\/wp-json\/wp\/v2\/types\/post"}],"author":[{"embeddable":true,"href":"https:\/\/cojep.com\/tr\/wp-json\/wp\/v2\/users\/2"}],"replies":[{"embeddable":true,"href":"https:\/\/cojep.com\/tr\/wp-json\/wp\/v2\/comments?post=4467"}],"version-history":[{"count":4,"href":"https:\/\/cojep.com\/tr\/wp-json\/wp\/v2\/posts\/4467\/revisions"}],"predecessor-version":[{"id":4470,"href":"https:\/\/cojep.com\/tr\/wp-json\/wp\/v2\/posts\/4467\/revisions\/4470"}],"wp:featuredmedia":[{"embeddable":true,"href":"https:\/\/cojep.com\/tr\/wp-json\/wp\/v2\/media\/4468"}],"wp:attachment":[{"href":"https:\/\/cojep.com\/tr\/wp-json\/wp\/v2\/media?parent=4467"}],"wp:term":[{"taxonomy":"category","embeddable":true,"href":"https:\/\/cojep.com\/tr\/wp-json\/wp\/v2\/categories?post=4467"},{"taxonomy":"post_tag","embeddable":true,"href":"https:\/\/cojep.com\/tr\/wp-json\/wp\/v2\/tags?post=4467"}],"curies":[{"name":"wp","href":"https:\/\/api.w.org\/{rel}","templated":true}]}}