{"id":4473,"date":"2026-03-14T14:08:17","date_gmt":"2026-03-14T14:08:17","guid":{"rendered":"https:\/\/cojep.com\/?p=4473"},"modified":"2026-03-14T14:08:17","modified_gmt":"2026-03-14T14:08:17","slug":"rapport-politiques-de-securite-de-lallemagne-et-de-la-france-et-les-defis-securitaires-des-communautes-musulmanes","status":"publish","type":"post","link":"https:\/\/cojep.com\/tr\/cojep-int\/raporlarimiz\/2026\/03\/14\/rapport-politiques-de-securite-de-lallemagne-et-de-la-france-et-les-defis-securitaires-des-communautes-musulmanes\/","title":{"rendered":"Rapor : Almanya ve Fransa\u2019n\u0131n G\u00fcvenlik Odakl\u0131 Politikalar\u0131 ile M\u00fcsl\u00fcman Toplumlar\u0131n G\u00fcvenlik Sorunlar\u0131"},"content":{"rendered":"<p><strong>Fransa\u2019daki G\u00fcvenlik Yakla\u015f\u0131mlar\u0131n\u0131n Frans\u0131z M\u00fcsl\u00fcman Toplumu \u00dczerindeki Etkisi\u00a0<\/strong><\/p>\n<p style=\"text-align: center;\">Murat Yi\u011fit\u2019in konu\u015fmas\u0131n\u0131n raporunu indirin &gt;&gt;<\/p>\n<p style=\"text-align: center;\"><a href=\"https:\/\/cojep.com\/wp-content\/uploads\/2026\/03\/MuratYigit-COJEP.pdf\">MuratYigit-COJEP<\/a><\/p>\n<p>&nbsp;<\/p>\n<p style=\"text-align: center;\">Enes Bayrakl\u0131\u2019n\u0131n konu\u015fmas\u0131n\u0131n raporunu indirin &gt;&gt;<\/p>\n<p style=\"text-align: center;\"><a href=\"https:\/\/cojep.com\/wp-content\/uploads\/2026\/03\/EnesBayrakli-COJEP.pdf\">EnesBayrakli-COJEP<\/a><\/p>","protected":false},"excerpt":{"rendered":"<p>L\u2019impact des approches s\u00e9curitaires en France sur la communaut\u00e9 musulmane fran\u00e7aise :\u00a0 T\u00e9l\u00e9charger le rapport sur le discours de Murat Yigit &gt;&gt; MuratYigit-COJEP &nbsp; T\u00e9l\u00e9charger le rapport sur le discours de Enes Bayrayrakli &gt;&gt; EnesBayrakli-COJEP<\/p>","protected":false},"author":2,"featured_media":4476,"comment_status":"closed","ping_status":"open","sticky":false,"template":"","format":"standard","meta":{"footnotes":""},"categories":[32,342],"tags":[],"class_list":["post-4473","post","type-post","status-publish","format-standard","has-post-thumbnail","hentry","category-onu-nations-unies","category-raporlarimiz"],"yoast_head":"<!-- This site is optimized with the Yoast SEO plugin v27.3 - https:\/\/yoast.com\/product\/yoast-seo-wordpress\/ -->\n<title>Rapport : Politiques de s\u00e9curit\u00e9 de l\u2019Allemagne et de la France et les d\u00e9fis s\u00e9curitaires des communaut\u00e9s musulmanes - Cojep International<\/title>\n<meta name=\"robots\" content=\"index, follow, max-snippet:-1, max-image-preview:large, max-video-preview:-1\" \/>\n<link rel=\"canonical\" href=\"https:\/\/cojep.com\/tr\/cojep-int\/raporlarimiz\/2026\/03\/14\/rapport-politiques-de-securite-de-lallemagne-et-de-la-france-et-les-defis-securitaires-des-communautes-musulmanes\/\" \/>\n<meta property=\"og:locale\" content=\"tr_TR\" \/>\n<meta property=\"og:type\" content=\"article\" \/>\n<meta property=\"og:title\" content=\"Rapport : Politiques de s\u00e9curit\u00e9 de l\u2019Allemagne et de la France et les d\u00e9fis s\u00e9curitaires des communaut\u00e9s musulmanes - Cojep International\" \/>\n<meta property=\"og:description\" content=\"L\u2019impact des approches s\u00e9curitaires en France sur la communaut\u00e9 musulmane fran\u00e7aise :\u00a0 T\u00e9l\u00e9charger le rapport sur le discours de Murat Yigit &gt;&gt; MuratYigit-COJEP &nbsp; T\u00e9l\u00e9charger le rapport sur le discours de Enes Bayrayrakli &gt;&gt; EnesBayrakli-COJEP\" \/>\n<meta property=\"og:url\" content=\"https:\/\/cojep.com\/tr\/cojep-int\/raporlarimiz\/2026\/03\/14\/rapport-politiques-de-securite-de-lallemagne-et-de-la-france-et-les-defis-securitaires-des-communautes-musulmanes\/\" \/>\n<meta property=\"og:site_name\" content=\"Cojep International\" \/>\n<meta property=\"article:published_time\" content=\"2026-03-14T14:08:17+00:00\" \/>\n<meta property=\"og:image\" content=\"https:\/\/cojep.com\/wp-content\/uploads\/2026\/03\/03f16bc6-8dc6-41fc-8f05-238cdf0c65d5.jpg\" \/>\n\t<meta property=\"og:image:width\" content=\"1024\" \/>\n\t<meta property=\"og:image:height\" content=\"768\" \/>\n\t<meta property=\"og:image:type\" content=\"image\/jpeg\" \/>\n<meta name=\"author\" content=\"Admin Cojep\" \/>\n<meta name=\"twitter:card\" content=\"summary_large_image\" \/>\n<meta name=\"twitter:label1\" content=\"Yazan:\" \/>\n\t<meta name=\"twitter:data1\" content=\"Admin Cojep\" \/>\n\t<meta name=\"twitter:label2\" content=\"Tahmini okuma s\u00fcresi\" \/>\n\t<meta name=\"twitter:data2\" content=\"1 dakika\" \/>\n<script type=\"application\/ld+json\" class=\"yoast-schema-graph\">{\"@context\":\"https:\\\/\\\/schema.org\",\"@graph\":[{\"@type\":\"Article\",\"@id\":\"https:\\\/\\\/cojep.com\\\/cojep-int\\\/raporlarimiz\\\/2026\\\/03\\\/14\\\/rapport-politiques-de-securite-de-lallemagne-et-de-la-france-et-les-defis-securitaires-des-communautes-musulmanes\\\/#article\",\"isPartOf\":{\"@id\":\"https:\\\/\\\/cojep.com\\\/cojep-int\\\/raporlarimiz\\\/2026\\\/03\\\/14\\\/rapport-politiques-de-securite-de-lallemagne-et-de-la-france-et-les-defis-securitaires-des-communautes-musulmanes\\\/\"},\"author\":{\"name\":\"Admin Cojep\",\"@id\":\"https:\\\/\\\/cojep.com\\\/#\\\/schema\\\/person\\\/1ecf08016acfd3d6a23e474b711b28f9\"},\"headline\":\"Rapport : Politiques de s\u00e9curit\u00e9 de l\u2019Allemagne et de la France et les d\u00e9fis s\u00e9curitaires des communaut\u00e9s musulmanes\",\"datePublished\":\"2026-03-14T14:08:17+00:00\",\"mainEntityOfPage\":{\"@id\":\"https:\\\/\\\/cojep.com\\\/cojep-int\\\/raporlarimiz\\\/2026\\\/03\\\/14\\\/rapport-politiques-de-securite-de-lallemagne-et-de-la-france-et-les-defis-securitaires-des-communautes-musulmanes\\\/\"},\"wordCount\":65,\"publisher\":{\"@id\":\"https:\\\/\\\/cojep.com\\\/#organization\"},\"image\":{\"@id\":\"https:\\\/\\\/cojep.com\\\/cojep-int\\\/raporlarimiz\\\/2026\\\/03\\\/14\\\/rapport-politiques-de-securite-de-lallemagne-et-de-la-france-et-les-defis-securitaires-des-communautes-musulmanes\\\/#primaryimage\"},\"thumbnailUrl\":\"https:\\\/\\\/cojep.com\\\/wp-content\\\/uploads\\\/2026\\\/03\\\/03f16bc6-8dc6-41fc-8f05-238cdf0c65d5.jpg\",\"articleSection\":[\"ONU\",\"Raporlar\u0131m\u0131z\"],\"inLanguage\":\"tr\"},{\"@type\":\"WebPage\",\"@id\":\"https:\\\/\\\/cojep.com\\\/cojep-int\\\/raporlarimiz\\\/2026\\\/03\\\/14\\\/rapport-politiques-de-securite-de-lallemagne-et-de-la-france-et-les-defis-securitaires-des-communautes-musulmanes\\\/\",\"url\":\"https:\\\/\\\/cojep.com\\\/cojep-int\\\/raporlarimiz\\\/2026\\\/03\\\/14\\\/rapport-politiques-de-securite-de-lallemagne-et-de-la-france-et-les-defis-securitaires-des-communautes-musulmanes\\\/\",\"name\":\"Rapport : Politiques de s\u00e9curit\u00e9 de l\u2019Allemagne et de la France et les d\u00e9fis s\u00e9curitaires des communaut\u00e9s musulmanes - Cojep International\",\"isPartOf\":{\"@id\":\"https:\\\/\\\/cojep.com\\\/#website\"},\"primaryImageOfPage\":{\"@id\":\"https:\\\/\\\/cojep.com\\\/cojep-int\\\/raporlarimiz\\\/2026\\\/03\\\/14\\\/rapport-politiques-de-securite-de-lallemagne-et-de-la-france-et-les-defis-securitaires-des-communautes-musulmanes\\\/#primaryimage\"},\"image\":{\"@id\":\"https:\\\/\\\/cojep.com\\\/cojep-int\\\/raporlarimiz\\\/2026\\\/03\\\/14\\\/rapport-politiques-de-securite-de-lallemagne-et-de-la-france-et-les-defis-securitaires-des-communautes-musulmanes\\\/#primaryimage\"},\"thumbnailUrl\":\"https:\\\/\\\/cojep.com\\\/wp-content\\\/uploads\\\/2026\\\/03\\\/03f16bc6-8dc6-41fc-8f05-238cdf0c65d5.jpg\",\"datePublished\":\"2026-03-14T14:08:17+00:00\",\"inLanguage\":\"tr\",\"potentialAction\":[{\"@type\":\"ReadAction\",\"target\":[\"https:\\\/\\\/cojep.com\\\/cojep-int\\\/raporlarimiz\\\/2026\\\/03\\\/14\\\/rapport-politiques-de-securite-de-lallemagne-et-de-la-france-et-les-defis-securitaires-des-communautes-musulmanes\\\/\"]}]},{\"@type\":\"ImageObject\",\"inLanguage\":\"tr\",\"@id\":\"https:\\\/\\\/cojep.com\\\/cojep-int\\\/raporlarimiz\\\/2026\\\/03\\\/14\\\/rapport-politiques-de-securite-de-lallemagne-et-de-la-france-et-les-defis-securitaires-des-communautes-musulmanes\\\/#primaryimage\",\"url\":\"https:\\\/\\\/cojep.com\\\/wp-content\\\/uploads\\\/2026\\\/03\\\/03f16bc6-8dc6-41fc-8f05-238cdf0c65d5.jpg\",\"contentUrl\":\"https:\\\/\\\/cojep.com\\\/wp-content\\\/uploads\\\/2026\\\/03\\\/03f16bc6-8dc6-41fc-8f05-238cdf0c65d5.jpg\",\"width\":1024,\"height\":768},{\"@type\":\"WebSite\",\"@id\":\"https:\\\/\\\/cojep.com\\\/#website\",\"url\":\"https:\\\/\\\/cojep.com\\\/\",\"name\":\"Cojep International\",\"description\":\"Conseil pour la Justice, l&#039;Egalit\u00e9 et la Paix\",\"publisher\":{\"@id\":\"https:\\\/\\\/cojep.com\\\/#organization\"},\"potentialAction\":[{\"@type\":\"SearchAction\",\"target\":{\"@type\":\"EntryPoint\",\"urlTemplate\":\"https:\\\/\\\/cojep.com\\\/?s={search_term_string}\"},\"query-input\":{\"@type\":\"PropertyValueSpecification\",\"valueRequired\":true,\"valueName\":\"search_term_string\"}}],\"inLanguage\":\"tr\"},{\"@type\":\"Organization\",\"@id\":\"https:\\\/\\\/cojep.com\\\/#organization\",\"name\":\"Cojep International\",\"url\":\"https:\\\/\\\/cojep.com\\\/\",\"logo\":{\"@type\":\"ImageObject\",\"inLanguage\":\"tr\",\"@id\":\"https:\\\/\\\/cojep.com\\\/#\\\/schema\\\/logo\\\/image\\\/\",\"url\":\"https:\\\/\\\/cojep.com\\\/wp-content\\\/uploads\\\/2022\\\/05\\\/cropped-cropped-cropped-logo-3.png\",\"contentUrl\":\"https:\\\/\\\/cojep.com\\\/wp-content\\\/uploads\\\/2022\\\/05\\\/cropped-cropped-cropped-logo-3.png\",\"width\":512,\"height\":512,\"caption\":\"Cojep International\"},\"image\":{\"@id\":\"https:\\\/\\\/cojep.com\\\/#\\\/schema\\\/logo\\\/image\\\/\"}},{\"@type\":\"Person\",\"@id\":\"https:\\\/\\\/cojep.com\\\/#\\\/schema\\\/person\\\/1ecf08016acfd3d6a23e474b711b28f9\",\"name\":\"Admin Cojep\",\"image\":{\"@type\":\"ImageObject\",\"inLanguage\":\"tr\",\"@id\":\"https:\\\/\\\/secure.gravatar.com\\\/avatar\\\/dcce3d5ee953d671cf8bce58041662d10b8577ace29a5e06173a432c53fcc587?s=96&d=mm&r=g\",\"url\":\"https:\\\/\\\/secure.gravatar.com\\\/avatar\\\/dcce3d5ee953d671cf8bce58041662d10b8577ace29a5e06173a432c53fcc587?s=96&d=mm&r=g\",\"contentUrl\":\"https:\\\/\\\/secure.gravatar.com\\\/avatar\\\/dcce3d5ee953d671cf8bce58041662d10b8577ace29a5e06173a432c53fcc587?s=96&d=mm&r=g\",\"caption\":\"Admin Cojep\"},\"sameAs\":[\"http:\\\/\\\/www.cojep.com\"]}]}<\/script>\n<!-- \/ Yoast SEO plugin. -->","yoast_head_json":{"title":"Rapport : Politiques de s\u00e9curit\u00e9 de l\u2019Allemagne et de la France et les d\u00e9fis s\u00e9curitaires des communaut\u00e9s musulmanes - Cojep International","robots":{"index":"index","follow":"follow","max-snippet":"max-snippet:-1","max-image-preview":"max-image-preview:large","max-video-preview":"max-video-preview:-1"},"canonical":"https:\/\/cojep.com\/tr\/cojep-int\/raporlarimiz\/2026\/03\/14\/rapport-politiques-de-securite-de-lallemagne-et-de-la-france-et-les-defis-securitaires-des-communautes-musulmanes\/","og_locale":"tr_TR","og_type":"article","og_title":"Rapport : Politiques de s\u00e9curit\u00e9 de l\u2019Allemagne et de la France et les d\u00e9fis s\u00e9curitaires des communaut\u00e9s musulmanes - Cojep International","og_description":"L\u2019impact des approches s\u00e9curitaires en France sur la communaut\u00e9 musulmane fran\u00e7aise :\u00a0 T\u00e9l\u00e9charger le rapport sur le discours de Murat Yigit &gt;&gt; MuratYigit-COJEP &nbsp; T\u00e9l\u00e9charger le rapport sur le discours de Enes Bayrayrakli &gt;&gt; EnesBayrakli-COJEP","og_url":"https:\/\/cojep.com\/tr\/cojep-int\/raporlarimiz\/2026\/03\/14\/rapport-politiques-de-securite-de-lallemagne-et-de-la-france-et-les-defis-securitaires-des-communautes-musulmanes\/","og_site_name":"Cojep International","article_published_time":"2026-03-14T14:08:17+00:00","og_image":[{"width":1024,"height":768,"url":"https:\/\/cojep.com\/wp-content\/uploads\/2026\/03\/03f16bc6-8dc6-41fc-8f05-238cdf0c65d5.jpg","type":"image\/jpeg"}],"author":"Admin Cojep","twitter_card":"summary_large_image","twitter_misc":{"Yazan:":"Admin Cojep","Tahmini okuma s\u00fcresi":"1 dakika"},"schema":{"@context":"https:\/\/schema.org","@graph":[{"@type":"Article","@id":"https:\/\/cojep.com\/cojep-int\/raporlarimiz\/2026\/03\/14\/rapport-politiques-de-securite-de-lallemagne-et-de-la-france-et-les-defis-securitaires-des-communautes-musulmanes\/#article","isPartOf":{"@id":"https:\/\/cojep.com\/cojep-int\/raporlarimiz\/2026\/03\/14\/rapport-politiques-de-securite-de-lallemagne-et-de-la-france-et-les-defis-securitaires-des-communautes-musulmanes\/"},"author":{"name":"Admin Cojep","@id":"https:\/\/cojep.com\/#\/schema\/person\/1ecf08016acfd3d6a23e474b711b28f9"},"headline":"Rapport : Politiques de s\u00e9curit\u00e9 de l\u2019Allemagne et de la France et les d\u00e9fis s\u00e9curitaires des communaut\u00e9s musulmanes","datePublished":"2026-03-14T14:08:17+00:00","mainEntityOfPage":{"@id":"https:\/\/cojep.com\/cojep-int\/raporlarimiz\/2026\/03\/14\/rapport-politiques-de-securite-de-lallemagne-et-de-la-france-et-les-defis-securitaires-des-communautes-musulmanes\/"},"wordCount":65,"publisher":{"@id":"https:\/\/cojep.com\/#organization"},"image":{"@id":"https:\/\/cojep.com\/cojep-int\/raporlarimiz\/2026\/03\/14\/rapport-politiques-de-securite-de-lallemagne-et-de-la-france-et-les-defis-securitaires-des-communautes-musulmanes\/#primaryimage"},"thumbnailUrl":"https:\/\/cojep.com\/wp-content\/uploads\/2026\/03\/03f16bc6-8dc6-41fc-8f05-238cdf0c65d5.jpg","articleSection":["ONU","Raporlar\u0131m\u0131z"],"inLanguage":"tr"},{"@type":"WebPage","@id":"https:\/\/cojep.com\/cojep-int\/raporlarimiz\/2026\/03\/14\/rapport-politiques-de-securite-de-lallemagne-et-de-la-france-et-les-defis-securitaires-des-communautes-musulmanes\/","url":"https:\/\/cojep.com\/cojep-int\/raporlarimiz\/2026\/03\/14\/rapport-politiques-de-securite-de-lallemagne-et-de-la-france-et-les-defis-securitaires-des-communautes-musulmanes\/","name":"Rapport : Politiques de s\u00e9curit\u00e9 de l\u2019Allemagne et de la France et les d\u00e9fis s\u00e9curitaires des communaut\u00e9s musulmanes - Cojep International","isPartOf":{"@id":"https:\/\/cojep.com\/#website"},"primaryImageOfPage":{"@id":"https:\/\/cojep.com\/cojep-int\/raporlarimiz\/2026\/03\/14\/rapport-politiques-de-securite-de-lallemagne-et-de-la-france-et-les-defis-securitaires-des-communautes-musulmanes\/#primaryimage"},"image":{"@id":"https:\/\/cojep.com\/cojep-int\/raporlarimiz\/2026\/03\/14\/rapport-politiques-de-securite-de-lallemagne-et-de-la-france-et-les-defis-securitaires-des-communautes-musulmanes\/#primaryimage"},"thumbnailUrl":"https:\/\/cojep.com\/wp-content\/uploads\/2026\/03\/03f16bc6-8dc6-41fc-8f05-238cdf0c65d5.jpg","datePublished":"2026-03-14T14:08:17+00:00","inLanguage":"tr","potentialAction":[{"@type":"ReadAction","target":["https:\/\/cojep.com\/cojep-int\/raporlarimiz\/2026\/03\/14\/rapport-politiques-de-securite-de-lallemagne-et-de-la-france-et-les-defis-securitaires-des-communautes-musulmanes\/"]}]},{"@type":"ImageObject","inLanguage":"tr","@id":"https:\/\/cojep.com\/cojep-int\/raporlarimiz\/2026\/03\/14\/rapport-politiques-de-securite-de-lallemagne-et-de-la-france-et-les-defis-securitaires-des-communautes-musulmanes\/#primaryimage","url":"https:\/\/cojep.com\/wp-content\/uploads\/2026\/03\/03f16bc6-8dc6-41fc-8f05-238cdf0c65d5.jpg","contentUrl":"https:\/\/cojep.com\/wp-content\/uploads\/2026\/03\/03f16bc6-8dc6-41fc-8f05-238cdf0c65d5.jpg","width":1024,"height":768},{"@type":"WebSite","@id":"https:\/\/cojep.com\/#website","url":"https:\/\/cojep.com\/","name":"Cojep International","description":"Adalet, E\u015fitlik ve Bar\u0131\u015f Konseyi","publisher":{"@id":"https:\/\/cojep.com\/#organization"},"potentialAction":[{"@type":"SearchAction","target":{"@type":"EntryPoint","urlTemplate":"https:\/\/cojep.com\/?s={search_term_string}"},"query-input":{"@type":"PropertyValueSpecification","valueRequired":true,"valueName":"search_term_string"}}],"inLanguage":"tr"},{"@type":"Organization","@id":"https:\/\/cojep.com\/#organization","name":"Cojep International","url":"https:\/\/cojep.com\/","logo":{"@type":"ImageObject","inLanguage":"tr","@id":"https:\/\/cojep.com\/#\/schema\/logo\/image\/","url":"https:\/\/cojep.com\/wp-content\/uploads\/2022\/05\/cropped-cropped-cropped-logo-3.png","contentUrl":"https:\/\/cojep.com\/wp-content\/uploads\/2022\/05\/cropped-cropped-cropped-logo-3.png","width":512,"height":512,"caption":"Cojep International"},"image":{"@id":"https:\/\/cojep.com\/#\/schema\/logo\/image\/"}},{"@type":"Person","@id":"https:\/\/cojep.com\/#\/schema\/person\/1ecf08016acfd3d6a23e474b711b28f9","name":"Admin Cojep","image":{"@type":"ImageObject","inLanguage":"tr","@id":"https:\/\/secure.gravatar.com\/avatar\/dcce3d5ee953d671cf8bce58041662d10b8577ace29a5e06173a432c53fcc587?s=96&d=mm&r=g","url":"https:\/\/secure.gravatar.com\/avatar\/dcce3d5ee953d671cf8bce58041662d10b8577ace29a5e06173a432c53fcc587?s=96&d=mm&r=g","contentUrl":"https:\/\/secure.gravatar.com\/avatar\/dcce3d5ee953d671cf8bce58041662d10b8577ace29a5e06173a432c53fcc587?s=96&d=mm&r=g","caption":"Admin Cojep"},"sameAs":["http:\/\/www.cojep.com"]}]}},"_links":{"self":[{"href":"https:\/\/cojep.com\/tr\/wp-json\/wp\/v2\/posts\/4473","targetHints":{"allow":["GET"]}}],"collection":[{"href":"https:\/\/cojep.com\/tr\/wp-json\/wp\/v2\/posts"}],"about":[{"href":"https:\/\/cojep.com\/tr\/wp-json\/wp\/v2\/types\/post"}],"author":[{"embeddable":true,"href":"https:\/\/cojep.com\/tr\/wp-json\/wp\/v2\/users\/2"}],"replies":[{"embeddable":true,"href":"https:\/\/cojep.com\/tr\/wp-json\/wp\/v2\/comments?post=4473"}],"version-history":[{"count":1,"href":"https:\/\/cojep.com\/tr\/wp-json\/wp\/v2\/posts\/4473\/revisions"}],"predecessor-version":[{"id":4477,"href":"https:\/\/cojep.com\/tr\/wp-json\/wp\/v2\/posts\/4473\/revisions\/4477"}],"wp:featuredmedia":[{"embeddable":true,"href":"https:\/\/cojep.com\/tr\/wp-json\/wp\/v2\/media\/4476"}],"wp:attachment":[{"href":"https:\/\/cojep.com\/tr\/wp-json\/wp\/v2\/media?parent=4473"}],"wp:term":[{"taxonomy":"category","embeddable":true,"href":"https:\/\/cojep.com\/tr\/wp-json\/wp\/v2\/categories?post=4473"},{"taxonomy":"post_tag","embeddable":true,"href":"https:\/\/cojep.com\/tr\/wp-json\/wp\/v2\/tags?post=4473"}],"curies":[{"name":"wp","href":"https:\/\/api.w.org\/{rel}","templated":true}]}}