{"id":4484,"date":"2026-04-04T15:48:21","date_gmt":"2026-04-04T15:48:21","guid":{"rendered":"https:\/\/cojep.com\/?p=4484"},"modified":"2026-04-04T15:48:21","modified_gmt":"2026-04-04T15:48:21","slug":"ensemble-empechons-les-nouvelles-lois-islamophobes","status":"publish","type":"post","link":"https:\/\/cojep.com\/tr\/a-la-une\/2026\/04\/04\/ensemble-empechons-les-nouvelles-lois-islamophobes\/","title":{"rendered":"Ensemble, emp\u00eachons les nouvelles lois islamophobes"},"content":{"rendered":"<p>Nous, organisations antiracistes, nous sommes constitu\u00e9\u00b7es en front face \u00e0 l\u2019urgence que repr\u00e9sentent les propositions largement m\u00e9diatis\u00e9es de nouvelles lois et mesures islamophobes visant notamment \u00e0 interdire la pratique visible de l\u2019islam aux mineur\u00b7es. En proposant de criminaliser les parents, l\u2019extr\u00eame droite et la droite ont franchi un nouveau cap.<\/p>\n<p>Ils parlent d\u2019interdire le port du voile ou le je\u00fbne du mois de ramadan aux mineur\u00b7es. En r\u00e9alit\u00e9, c\u2019est la visibilit\u00e9 musulmane qui est partout criminalis\u00e9e \u2014 pour ne pas dire les musulman\u00b7es tout simplement. La libert\u00e9 de conscience et la libert\u00e9 de pratique de la religion musulmane sont pr\u00e9sent\u00e9es comme des dangers attentant \u00e0 la la\u00efcit\u00e9 ou \u00e0 l\u2019identit\u00e9 fran\u00e7aise. En fait, ce sont des libert\u00e9s fondamentales qui sont attaqu\u00e9es et d\u00e9ni\u00e9es aux musulman\u00b7es.<\/p>\n<p>La criminalisation de la visibilit\u00e9 musulmane a abouti \u00e0 une v\u00e9ritable traque des musulman\u00b7es et \u00e0 la mise en place d\u2019une l\u00e9gislation d\u2019exception. La notion de \u00ab signe religieux par destination \u00bb autorise l\u2019intrusion dans le quotidien des personnes musulmanes ou per\u00e7ues comme telles ; avec les \u00ab signes de radicalisation \u00bb, les choix et m\u00eame les go\u00fbts des musulman\u00b7es sont l\u2019objet de suspicions.<\/p>\n<p><strong>Nous refusons que les musulman\u00b7es soient soumis\u00b7es \u00e0 un r\u00e9gime d\u2019exception.<\/strong><\/p>\n<h2>\nLa multiplication des lois islamophobes depuis 2004<\/h2>\n<p>La loi de 2004 sur les signes religieux a constitu\u00e9 la matrice originelle d\u2019une s\u00e9quence islamophobe visant \u00e0 r\u00e9duire, loi apr\u00e8s loi, arr\u00eat\u00e9 apr\u00e8s arr\u00eat\u00e9, les libert\u00e9s des musulman\u00b7es et \u00e0 les soumettre progressivement \u00e0 un r\u00e9gime d\u2019exception.<\/p>\n<p>L\u2019inscription de l\u2019\u00e9tat d\u2019urgence dans le droit commun en 2017, la loi dite \u00ab contre le s\u00e9paratisme \u00bb en 2021, les dissolutions d\u2019associations, la criminalisation de<br \/>\nmilitant\u00b7es antiracistes ou engag\u00e9\u00b7es dans le soutien \u00e0 la Palestine incarnent l\u2019instauration de ce r\u00e9gime d\u2019exception.<\/p>\n<p>En r\u00e9alit\u00e9, ce r\u00e9gime d\u2019exception s\u2019inscrit dans la continuit\u00e9 de la politique coloniale qui d\u00e9niait aux colonis\u00e9\u00b7es musulman\u00b7es leur qualit\u00e9 d\u2019\u00eatres humains \u00e0 part enti\u00e8re.<\/p>\n<ul>\n<li><strong><em>Face \u00e0 cette islamophobie d\u2019\u00c9tat, nous exigeons l\u2019abrogation de toutes les lois et mesures islamophobes. L\u2019Union antiraciste contre l\u2019islamophobie se propose :<\/em><\/strong><\/li>\n<li><strong><em>De d\u00e9noncer les politiques islamophobes stigmatisant les musulman\u00b7es ;<\/em><\/strong><\/li>\n<li><strong><em>De mobiliser les musulman\u00b7es et toutes les personnes victimes de racisme ;<\/em><\/strong><\/li>\n<li><strong><em>De saisir les parlementaires afin d\u2019abroger les lois islamophobes et de mettre en place des lois de protection des musulmanEs<\/em><\/strong><\/li>\n<li><strong><em>D\u2019interpeller les syndicats et le mouvement social pour organiser la riposte face aux mesures et r\u00e8glements racistes.<\/em><\/strong><\/li>\n<\/ul>\n<p>&nbsp;<\/p>\n<p style=\"text-align: center;\"><strong>Nous ne subirons plus l\u2019islamophobie d\u2019\u00c9tat !<\/strong><\/p>\n<p>&nbsp;<\/p>\n<p><img loading=\"lazy\" decoding=\"async\" class=\"alignleft size-full wp-image-4486\" src=\"https:\/\/cojep.com\/wp-content\/uploads\/2026\/04\/TRACT_1_UACI_Page_1.jpg\" alt=\"\" width=\"1165\" height=\"1655\" srcset=\"https:\/\/cojep.com\/wp-content\/uploads\/2026\/04\/TRACT_1_UACI_Page_1.jpg 1165w, https:\/\/cojep.com\/wp-content\/uploads\/2026\/04\/TRACT_1_UACI_Page_1-211x300.jpg 211w, https:\/\/cojep.com\/wp-content\/uploads\/2026\/04\/TRACT_1_UACI_Page_1-721x1024.jpg 721w, https:\/\/cojep.com\/wp-content\/uploads\/2026\/04\/TRACT_1_UACI_Page_1-768x1091.jpg 768w, https:\/\/cojep.com\/wp-content\/uploads\/2026\/04\/TRACT_1_UACI_Page_1-1081x1536.jpg 1081w, https:\/\/cojep.com\/wp-content\/uploads\/2026\/04\/TRACT_1_UACI_Page_1-8x12.jpg 8w, https:\/\/cojep.com\/wp-content\/uploads\/2026\/04\/TRACT_1_UACI_Page_1-1024x1455.jpg 1024w, https:\/\/cojep.com\/wp-content\/uploads\/2026\/04\/TRACT_1_UACI_Page_1-760x1080.jpg 760w\" sizes=\"auto, (max-width: 1165px) 100vw, 1165px\" \/> <img loading=\"lazy\" decoding=\"async\" class=\"alignleft size-full wp-image-4487\" src=\"https:\/\/cojep.com\/wp-content\/uploads\/2026\/04\/TRACT_1_UACI_Page_2.jpg\" alt=\"\" width=\"1165\" height=\"1655\" srcset=\"https:\/\/cojep.com\/wp-content\/uploads\/2026\/04\/TRACT_1_UACI_Page_2.jpg 1165w, https:\/\/cojep.com\/wp-content\/uploads\/2026\/04\/TRACT_1_UACI_Page_2-211x300.jpg 211w, https:\/\/cojep.com\/wp-content\/uploads\/2026\/04\/TRACT_1_UACI_Page_2-721x1024.jpg 721w, https:\/\/cojep.com\/wp-content\/uploads\/2026\/04\/TRACT_1_UACI_Page_2-768x1091.jpg 768w, https:\/\/cojep.com\/wp-content\/uploads\/2026\/04\/TRACT_1_UACI_Page_2-1081x1536.jpg 1081w, https:\/\/cojep.com\/wp-content\/uploads\/2026\/04\/TRACT_1_UACI_Page_2-8x12.jpg 8w, https:\/\/cojep.com\/wp-content\/uploads\/2026\/04\/TRACT_1_UACI_Page_2-1024x1455.jpg 1024w, https:\/\/cojep.com\/wp-content\/uploads\/2026\/04\/TRACT_1_UACI_Page_2-760x1080.jpg 760w\" sizes=\"auto, (max-width: 1165px) 100vw, 1165px\" \/> <img loading=\"lazy\" decoding=\"async\" class=\"alignleft size-full wp-image-4488\" src=\"https:\/\/cojep.com\/wp-content\/uploads\/2026\/04\/TRACT_2_UACI_Universite__4__Page_1.jpg\" alt=\"\" width=\"1165\" height=\"1655\" srcset=\"https:\/\/cojep.com\/wp-content\/uploads\/2026\/04\/TRACT_2_UACI_Universite__4__Page_1.jpg 1165w, https:\/\/cojep.com\/wp-content\/uploads\/2026\/04\/TRACT_2_UACI_Universite__4__Page_1-211x300.jpg 211w, https:\/\/cojep.com\/wp-content\/uploads\/2026\/04\/TRACT_2_UACI_Universite__4__Page_1-721x1024.jpg 721w, https:\/\/cojep.com\/wp-content\/uploads\/2026\/04\/TRACT_2_UACI_Universite__4__Page_1-768x1091.jpg 768w, https:\/\/cojep.com\/wp-content\/uploads\/2026\/04\/TRACT_2_UACI_Universite__4__Page_1-1081x1536.jpg 1081w, https:\/\/cojep.com\/wp-content\/uploads\/2026\/04\/TRACT_2_UACI_Universite__4__Page_1-8x12.jpg 8w, https:\/\/cojep.com\/wp-content\/uploads\/2026\/04\/TRACT_2_UACI_Universite__4__Page_1-1024x1455.jpg 1024w, https:\/\/cojep.com\/wp-content\/uploads\/2026\/04\/TRACT_2_UACI_Universite__4__Page_1-760x1080.jpg 760w\" sizes=\"auto, (max-width: 1165px) 100vw, 1165px\" \/> <img loading=\"lazy\" decoding=\"async\" class=\"alignleft size-full wp-image-4489\" src=\"https:\/\/cojep.com\/wp-content\/uploads\/2026\/04\/TRACT_2_UACI_Universite__4__Page_2.jpg\" alt=\"\" width=\"1165\" height=\"1655\" srcset=\"https:\/\/cojep.com\/wp-content\/uploads\/2026\/04\/TRACT_2_UACI_Universite__4__Page_2.jpg 1165w, https:\/\/cojep.com\/wp-content\/uploads\/2026\/04\/TRACT_2_UACI_Universite__4__Page_2-211x300.jpg 211w, https:\/\/cojep.com\/wp-content\/uploads\/2026\/04\/TRACT_2_UACI_Universite__4__Page_2-721x1024.jpg 721w, https:\/\/cojep.com\/wp-content\/uploads\/2026\/04\/TRACT_2_UACI_Universite__4__Page_2-768x1091.jpg 768w, https:\/\/cojep.com\/wp-content\/uploads\/2026\/04\/TRACT_2_UACI_Universite__4__Page_2-1081x1536.jpg 1081w, https:\/\/cojep.com\/wp-content\/uploads\/2026\/04\/TRACT_2_UACI_Universite__4__Page_2-8x12.jpg 8w, https:\/\/cojep.com\/wp-content\/uploads\/2026\/04\/TRACT_2_UACI_Universite__4__Page_2-1024x1455.jpg 1024w, https:\/\/cojep.com\/wp-content\/uploads\/2026\/04\/TRACT_2_UACI_Universite__4__Page_2-760x1080.jpg 760w\" sizes=\"auto, (max-width: 1165px) 100vw, 1165px\" \/><\/p>","protected":false},"excerpt":{"rendered":"<p>Nous, organisations antiracistes, nous sommes constitu\u00e9\u00b7es en front face \u00e0 l\u2019urgence que repr\u00e9sentent les propositions largement m\u00e9diatis\u00e9es de nouvelles lois et mesures islamophobes visant notamment \u00e0 interdire la pratique visible de l\u2019islam aux mineur\u00b7es. En proposant de criminaliser les parents, l\u2019extr\u00eame droite et la droite ont franchi un nouveau cap. Ils parlent d\u2019interdire le port&hellip; <br \/> <a class=\"read-more\" href=\"https:\/\/cojep.com\/tr\/a-la-une\/2026\/04\/04\/ensemble-empechons-les-nouvelles-lois-islamophobes\/\">Daha Fazla<\/a><\/p>","protected":false},"author":2,"featured_media":4485,"comment_status":"closed","ping_status":"open","sticky":false,"template":"","format":"standard","meta":{"footnotes":""},"categories":[436,36],"tags":[],"class_list":["post-4484","post","type-post","status-publish","format-standard","has-post-thumbnail","hentry","category-a-la-une","category-cojep"],"yoast_head":"<!-- This site is optimized with the Yoast SEO plugin v27.3 - https:\/\/yoast.com\/product\/yoast-seo-wordpress\/ -->\n<title>Ensemble, emp\u00eachons les nouvelles lois islamophobes - Cojep International<\/title>\n<meta name=\"description\" content=\"Nous, organisations antiracistes condamnons les propositions largement m\u00e9diatis\u00e9es de nouvelles lois et mesures islamophobes.\" \/>\n<meta name=\"robots\" content=\"index, follow, max-snippet:-1, max-image-preview:large, max-video-preview:-1\" \/>\n<link rel=\"canonical\" href=\"https:\/\/cojep.com\/tr\/a-la-une\/2026\/04\/04\/ensemble-empechons-les-nouvelles-lois-islamophobes\/\" \/>\n<meta property=\"og:locale\" content=\"tr_TR\" \/>\n<meta property=\"og:type\" content=\"article\" \/>\n<meta property=\"og:title\" content=\"Ensemble, emp\u00eachons les nouvelles lois islamophobes - Cojep International\" \/>\n<meta property=\"og:description\" content=\"Nous, organisations antiracistes condamnons les propositions largement m\u00e9diatis\u00e9es de nouvelles lois et mesures islamophobes.\" \/>\n<meta property=\"og:url\" content=\"https:\/\/cojep.com\/tr\/a-la-une\/2026\/04\/04\/ensemble-empechons-les-nouvelles-lois-islamophobes\/\" \/>\n<meta property=\"og:site_name\" content=\"Cojep International\" \/>\n<meta property=\"article:published_time\" content=\"2026-04-04T15:48:21+00:00\" \/>\n<meta property=\"og:image\" content=\"https:\/\/cojep.com\/wp-content\/uploads\/2026\/04\/lutte-antiraciste-NPA-COJEP.jpg\" \/>\n\t<meta property=\"og:image:width\" content=\"1165\" \/>\n\t<meta property=\"og:image:height\" content=\"432\" \/>\n\t<meta property=\"og:image:type\" content=\"image\/jpeg\" \/>\n<meta name=\"author\" content=\"Admin Cojep\" \/>\n<meta name=\"twitter:card\" content=\"summary_large_image\" \/>\n<meta name=\"twitter:label1\" content=\"Yazan:\" \/>\n\t<meta name=\"twitter:data1\" content=\"Admin Cojep\" \/>\n\t<meta name=\"twitter:label2\" content=\"Tahmini okuma s\u00fcresi\" \/>\n\t<meta name=\"twitter:data2\" content=\"3 dakika\" \/>\n<script type=\"application\/ld+json\" class=\"yoast-schema-graph\">{\"@context\":\"https:\\\/\\\/schema.org\",\"@graph\":[{\"@type\":\"Article\",\"@id\":\"https:\\\/\\\/cojep.com\\\/a-la-une\\\/2026\\\/04\\\/04\\\/ensemble-empechons-les-nouvelles-lois-islamophobes\\\/#article\",\"isPartOf\":{\"@id\":\"https:\\\/\\\/cojep.com\\\/a-la-une\\\/2026\\\/04\\\/04\\\/ensemble-empechons-les-nouvelles-lois-islamophobes\\\/\"},\"author\":{\"name\":\"Admin Cojep\",\"@id\":\"https:\\\/\\\/cojep.com\\\/#\\\/schema\\\/person\\\/1ecf08016acfd3d6a23e474b711b28f9\"},\"headline\":\"Ensemble, emp\u00eachons les nouvelles lois islamophobes\",\"datePublished\":\"2026-04-04T15:48:21+00:00\",\"mainEntityOfPage\":{\"@id\":\"https:\\\/\\\/cojep.com\\\/a-la-une\\\/2026\\\/04\\\/04\\\/ensemble-empechons-les-nouvelles-lois-islamophobes\\\/\"},\"wordCount\":462,\"publisher\":{\"@id\":\"https:\\\/\\\/cojep.com\\\/#organization\"},\"image\":{\"@id\":\"https:\\\/\\\/cojep.com\\\/a-la-une\\\/2026\\\/04\\\/04\\\/ensemble-empechons-les-nouvelles-lois-islamophobes\\\/#primaryimage\"},\"thumbnailUrl\":\"https:\\\/\\\/cojep.com\\\/wp-content\\\/uploads\\\/2026\\\/04\\\/lutte-antiraciste-NPA-COJEP.jpg\",\"articleSection\":[\"A LA UNE\",\"COJEP International\"],\"inLanguage\":\"tr\"},{\"@type\":\"WebPage\",\"@id\":\"https:\\\/\\\/cojep.com\\\/a-la-une\\\/2026\\\/04\\\/04\\\/ensemble-empechons-les-nouvelles-lois-islamophobes\\\/\",\"url\":\"https:\\\/\\\/cojep.com\\\/a-la-une\\\/2026\\\/04\\\/04\\\/ensemble-empechons-les-nouvelles-lois-islamophobes\\\/\",\"name\":\"Ensemble, emp\u00eachons les nouvelles lois islamophobes - Cojep International\",\"isPartOf\":{\"@id\":\"https:\\\/\\\/cojep.com\\\/#website\"},\"primaryImageOfPage\":{\"@id\":\"https:\\\/\\\/cojep.com\\\/a-la-une\\\/2026\\\/04\\\/04\\\/ensemble-empechons-les-nouvelles-lois-islamophobes\\\/#primaryimage\"},\"image\":{\"@id\":\"https:\\\/\\\/cojep.com\\\/a-la-une\\\/2026\\\/04\\\/04\\\/ensemble-empechons-les-nouvelles-lois-islamophobes\\\/#primaryimage\"},\"thumbnailUrl\":\"https:\\\/\\\/cojep.com\\\/wp-content\\\/uploads\\\/2026\\\/04\\\/lutte-antiraciste-NPA-COJEP.jpg\",\"datePublished\":\"2026-04-04T15:48:21+00:00\",\"description\":\"Nous, organisations antiracistes condamnons les propositions largement m\u00e9diatis\u00e9es de nouvelles lois et mesures islamophobes.\",\"inLanguage\":\"tr\",\"potentialAction\":[{\"@type\":\"ReadAction\",\"target\":[\"https:\\\/\\\/cojep.com\\\/a-la-une\\\/2026\\\/04\\\/04\\\/ensemble-empechons-les-nouvelles-lois-islamophobes\\\/\"]}]},{\"@type\":\"ImageObject\",\"inLanguage\":\"tr\",\"@id\":\"https:\\\/\\\/cojep.com\\\/a-la-une\\\/2026\\\/04\\\/04\\\/ensemble-empechons-les-nouvelles-lois-islamophobes\\\/#primaryimage\",\"url\":\"https:\\\/\\\/cojep.com\\\/wp-content\\\/uploads\\\/2026\\\/04\\\/lutte-antiraciste-NPA-COJEP.jpg\",\"contentUrl\":\"https:\\\/\\\/cojep.com\\\/wp-content\\\/uploads\\\/2026\\\/04\\\/lutte-antiraciste-NPA-COJEP.jpg\",\"width\":1165,\"height\":432},{\"@type\":\"WebSite\",\"@id\":\"https:\\\/\\\/cojep.com\\\/#website\",\"url\":\"https:\\\/\\\/cojep.com\\\/\",\"name\":\"Cojep International\",\"description\":\"Conseil pour la Justice, l&#039;Egalit\u00e9 et la Paix\",\"publisher\":{\"@id\":\"https:\\\/\\\/cojep.com\\\/#organization\"},\"potentialAction\":[{\"@type\":\"SearchAction\",\"target\":{\"@type\":\"EntryPoint\",\"urlTemplate\":\"https:\\\/\\\/cojep.com\\\/?s={search_term_string}\"},\"query-input\":{\"@type\":\"PropertyValueSpecification\",\"valueRequired\":true,\"valueName\":\"search_term_string\"}}],\"inLanguage\":\"tr\"},{\"@type\":\"Organization\",\"@id\":\"https:\\\/\\\/cojep.com\\\/#organization\",\"name\":\"Cojep International\",\"url\":\"https:\\\/\\\/cojep.com\\\/\",\"logo\":{\"@type\":\"ImageObject\",\"inLanguage\":\"tr\",\"@id\":\"https:\\\/\\\/cojep.com\\\/#\\\/schema\\\/logo\\\/image\\\/\",\"url\":\"https:\\\/\\\/cojep.com\\\/wp-content\\\/uploads\\\/2022\\\/05\\\/cropped-cropped-cropped-logo-3.png\",\"contentUrl\":\"https:\\\/\\\/cojep.com\\\/wp-content\\\/uploads\\\/2022\\\/05\\\/cropped-cropped-cropped-logo-3.png\",\"width\":512,\"height\":512,\"caption\":\"Cojep International\"},\"image\":{\"@id\":\"https:\\\/\\\/cojep.com\\\/#\\\/schema\\\/logo\\\/image\\\/\"}},{\"@type\":\"Person\",\"@id\":\"https:\\\/\\\/cojep.com\\\/#\\\/schema\\\/person\\\/1ecf08016acfd3d6a23e474b711b28f9\",\"name\":\"Admin Cojep\",\"image\":{\"@type\":\"ImageObject\",\"inLanguage\":\"tr\",\"@id\":\"https:\\\/\\\/secure.gravatar.com\\\/avatar\\\/dcce3d5ee953d671cf8bce58041662d10b8577ace29a5e06173a432c53fcc587?s=96&d=mm&r=g\",\"url\":\"https:\\\/\\\/secure.gravatar.com\\\/avatar\\\/dcce3d5ee953d671cf8bce58041662d10b8577ace29a5e06173a432c53fcc587?s=96&d=mm&r=g\",\"contentUrl\":\"https:\\\/\\\/secure.gravatar.com\\\/avatar\\\/dcce3d5ee953d671cf8bce58041662d10b8577ace29a5e06173a432c53fcc587?s=96&d=mm&r=g\",\"caption\":\"Admin Cojep\"},\"sameAs\":[\"http:\\\/\\\/www.cojep.com\"]}]}<\/script>\n<!-- \/ Yoast SEO plugin. -->","yoast_head_json":{"title":"Ensemble, emp\u00eachons les nouvelles lois islamophobes - Cojep International","description":"Nous, organisations antiracistes condamnons les propositions largement m\u00e9diatis\u00e9es de nouvelles lois et mesures islamophobes.","robots":{"index":"index","follow":"follow","max-snippet":"max-snippet:-1","max-image-preview":"max-image-preview:large","max-video-preview":"max-video-preview:-1"},"canonical":"https:\/\/cojep.com\/tr\/a-la-une\/2026\/04\/04\/ensemble-empechons-les-nouvelles-lois-islamophobes\/","og_locale":"tr_TR","og_type":"article","og_title":"Ensemble, emp\u00eachons les nouvelles lois islamophobes - Cojep International","og_description":"Nous, organisations antiracistes condamnons les propositions largement m\u00e9diatis\u00e9es de nouvelles lois et mesures islamophobes.","og_url":"https:\/\/cojep.com\/tr\/a-la-une\/2026\/04\/04\/ensemble-empechons-les-nouvelles-lois-islamophobes\/","og_site_name":"Cojep International","article_published_time":"2026-04-04T15:48:21+00:00","og_image":[{"width":1165,"height":432,"url":"https:\/\/cojep.com\/wp-content\/uploads\/2026\/04\/lutte-antiraciste-NPA-COJEP.jpg","type":"image\/jpeg"}],"author":"Admin Cojep","twitter_card":"summary_large_image","twitter_misc":{"Yazan:":"Admin Cojep","Tahmini okuma s\u00fcresi":"3 dakika"},"schema":{"@context":"https:\/\/schema.org","@graph":[{"@type":"Article","@id":"https:\/\/cojep.com\/a-la-une\/2026\/04\/04\/ensemble-empechons-les-nouvelles-lois-islamophobes\/#article","isPartOf":{"@id":"https:\/\/cojep.com\/a-la-une\/2026\/04\/04\/ensemble-empechons-les-nouvelles-lois-islamophobes\/"},"author":{"name":"Admin Cojep","@id":"https:\/\/cojep.com\/#\/schema\/person\/1ecf08016acfd3d6a23e474b711b28f9"},"headline":"Ensemble, emp\u00eachons les nouvelles lois islamophobes","datePublished":"2026-04-04T15:48:21+00:00","mainEntityOfPage":{"@id":"https:\/\/cojep.com\/a-la-une\/2026\/04\/04\/ensemble-empechons-les-nouvelles-lois-islamophobes\/"},"wordCount":462,"publisher":{"@id":"https:\/\/cojep.com\/#organization"},"image":{"@id":"https:\/\/cojep.com\/a-la-une\/2026\/04\/04\/ensemble-empechons-les-nouvelles-lois-islamophobes\/#primaryimage"},"thumbnailUrl":"https:\/\/cojep.com\/wp-content\/uploads\/2026\/04\/lutte-antiraciste-NPA-COJEP.jpg","articleSection":["A LA UNE","COJEP International"],"inLanguage":"tr"},{"@type":"WebPage","@id":"https:\/\/cojep.com\/a-la-une\/2026\/04\/04\/ensemble-empechons-les-nouvelles-lois-islamophobes\/","url":"https:\/\/cojep.com\/a-la-une\/2026\/04\/04\/ensemble-empechons-les-nouvelles-lois-islamophobes\/","name":"Ensemble, emp\u00eachons les nouvelles lois islamophobes - Cojep International","isPartOf":{"@id":"https:\/\/cojep.com\/#website"},"primaryImageOfPage":{"@id":"https:\/\/cojep.com\/a-la-une\/2026\/04\/04\/ensemble-empechons-les-nouvelles-lois-islamophobes\/#primaryimage"},"image":{"@id":"https:\/\/cojep.com\/a-la-une\/2026\/04\/04\/ensemble-empechons-les-nouvelles-lois-islamophobes\/#primaryimage"},"thumbnailUrl":"https:\/\/cojep.com\/wp-content\/uploads\/2026\/04\/lutte-antiraciste-NPA-COJEP.jpg","datePublished":"2026-04-04T15:48:21+00:00","description":"Nous, organisations antiracistes condamnons les propositions largement m\u00e9diatis\u00e9es de nouvelles lois et mesures islamophobes.","inLanguage":"tr","potentialAction":[{"@type":"ReadAction","target":["https:\/\/cojep.com\/a-la-une\/2026\/04\/04\/ensemble-empechons-les-nouvelles-lois-islamophobes\/"]}]},{"@type":"ImageObject","inLanguage":"tr","@id":"https:\/\/cojep.com\/a-la-une\/2026\/04\/04\/ensemble-empechons-les-nouvelles-lois-islamophobes\/#primaryimage","url":"https:\/\/cojep.com\/wp-content\/uploads\/2026\/04\/lutte-antiraciste-NPA-COJEP.jpg","contentUrl":"https:\/\/cojep.com\/wp-content\/uploads\/2026\/04\/lutte-antiraciste-NPA-COJEP.jpg","width":1165,"height":432},{"@type":"WebSite","@id":"https:\/\/cojep.com\/#website","url":"https:\/\/cojep.com\/","name":"Cojep International","description":"Adalet, E\u015fitlik ve Bar\u0131\u015f Konseyi","publisher":{"@id":"https:\/\/cojep.com\/#organization"},"potentialAction":[{"@type":"SearchAction","target":{"@type":"EntryPoint","urlTemplate":"https:\/\/cojep.com\/?s={search_term_string}"},"query-input":{"@type":"PropertyValueSpecification","valueRequired":true,"valueName":"search_term_string"}}],"inLanguage":"tr"},{"@type":"Organization","@id":"https:\/\/cojep.com\/#organization","name":"Cojep International","url":"https:\/\/cojep.com\/","logo":{"@type":"ImageObject","inLanguage":"tr","@id":"https:\/\/cojep.com\/#\/schema\/logo\/image\/","url":"https:\/\/cojep.com\/wp-content\/uploads\/2022\/05\/cropped-cropped-cropped-logo-3.png","contentUrl":"https:\/\/cojep.com\/wp-content\/uploads\/2022\/05\/cropped-cropped-cropped-logo-3.png","width":512,"height":512,"caption":"Cojep International"},"image":{"@id":"https:\/\/cojep.com\/#\/schema\/logo\/image\/"}},{"@type":"Person","@id":"https:\/\/cojep.com\/#\/schema\/person\/1ecf08016acfd3d6a23e474b711b28f9","name":"Admin Cojep","image":{"@type":"ImageObject","inLanguage":"tr","@id":"https:\/\/secure.gravatar.com\/avatar\/dcce3d5ee953d671cf8bce58041662d10b8577ace29a5e06173a432c53fcc587?s=96&d=mm&r=g","url":"https:\/\/secure.gravatar.com\/avatar\/dcce3d5ee953d671cf8bce58041662d10b8577ace29a5e06173a432c53fcc587?s=96&d=mm&r=g","contentUrl":"https:\/\/secure.gravatar.com\/avatar\/dcce3d5ee953d671cf8bce58041662d10b8577ace29a5e06173a432c53fcc587?s=96&d=mm&r=g","caption":"Admin Cojep"},"sameAs":["http:\/\/www.cojep.com"]}]}},"_links":{"self":[{"href":"https:\/\/cojep.com\/tr\/wp-json\/wp\/v2\/posts\/4484","targetHints":{"allow":["GET"]}}],"collection":[{"href":"https:\/\/cojep.com\/tr\/wp-json\/wp\/v2\/posts"}],"about":[{"href":"https:\/\/cojep.com\/tr\/wp-json\/wp\/v2\/types\/post"}],"author":[{"embeddable":true,"href":"https:\/\/cojep.com\/tr\/wp-json\/wp\/v2\/users\/2"}],"replies":[{"embeddable":true,"href":"https:\/\/cojep.com\/tr\/wp-json\/wp\/v2\/comments?post=4484"}],"version-history":[{"count":1,"href":"https:\/\/cojep.com\/tr\/wp-json\/wp\/v2\/posts\/4484\/revisions"}],"predecessor-version":[{"id":4490,"href":"https:\/\/cojep.com\/tr\/wp-json\/wp\/v2\/posts\/4484\/revisions\/4490"}],"wp:featuredmedia":[{"embeddable":true,"href":"https:\/\/cojep.com\/tr\/wp-json\/wp\/v2\/media\/4485"}],"wp:attachment":[{"href":"https:\/\/cojep.com\/tr\/wp-json\/wp\/v2\/media?parent=4484"}],"wp:term":[{"taxonomy":"category","embeddable":true,"href":"https:\/\/cojep.com\/tr\/wp-json\/wp\/v2\/categories?post=4484"},{"taxonomy":"post_tag","embeddable":true,"href":"https:\/\/cojep.com\/tr\/wp-json\/wp\/v2\/tags?post=4484"}],"curies":[{"name":"wp","href":"https:\/\/api.w.org\/{rel}","templated":true}]}}