{"id":470,"date":"2017-03-30T14:43:12","date_gmt":"2017-03-30T14:43:12","guid":{"rendered":"https:\/\/cojep.com\/?p=470"},"modified":"2021-01-10T08:29:38","modified_gmt":"2021-01-10T08:29:38","slug":"1915-olaylari-gercekler-aydinlansin","status":"publish","type":"post","link":"https:\/\/cojep.com\/tr\/kampanyalarimiz\/2017\/03\/30\/1915-olaylari-gercekler-aydinlansin\/","title":{"rendered":"1915 Olaylar\u0131 &#8211; Ger\u00e7ekler Ayd\u0131nlans\u0131n"},"content":{"rendered":"<p>1915 OLAYLARI HAKKINDA<\/p>\n<p>1915 Olaylar\u0131 ile ilgili Frans\u0131z ders kitaplar\u0131n\u0131n \u00f6\u011frettikleri yan\u0131nda muhakeme yeteneklerini geli\u015ftirerek; gen\u00e7lerin farkl\u0131 kaynaklardan da beslenmeleri sa\u011flamak amac\u0131yla konferanslar, COJEP International taraf\u0131ndan organize edilmi\u015f ve T\u00fcrkiye Cumhuriyeti\u2019nin farkl\u0131 \u00fcniversitelerinde \u00e7al\u0131\u015fmalar\u0131n\u0131 ger\u00e7ekle\u015ftiren de\u011ferli akademisyenlerin destekleri ile bu konferanslar ba\u015far\u0131yla tamamlanm\u0131\u015f; tamamlanmak i\u00e7in b\u00fcy\u00fck emek sarf edilmi\u015ftir.<\/p>\n<p>1915 Olaylar\u0131n\u0131n,<span class=\"text_exposed_show\"> insan hak ve \u00f6zg\u00fcrl\u00fcklerini, d\u00fc\u015f\u00fcnce ve d\u00fc\u015f\u00fcnd\u00fc\u011f\u00fcn\u00fc ifade etme \u00f6zg\u00fcrl\u00fc\u011f\u00fcn\u00fc k\u0131s\u0131tlay\u0131c\u0131 nitelikle ink\u00e2r yasas\u0131 \u00e7\u0131karma \u00e7al\u0131\u015fmalar\u0131 i\u00e7erisinde olan Fransa devletinde konu\u015fmak ve tart\u0131\u015fmak pek \u00e7ok a\u00e7\u0131dan b\u00fcy\u00fck \u00f6nem ta\u015f\u0131maktad\u0131r. 1915 olaylar\u0131n\u0131n Fransa\u2019da ya\u015fayan ve e\u011fitim g\u00f6rmekte olan T\u00fcrkiye k\u00f6kenli gen\u00e7lere Fransa kaynaklar\u0131n\u0131n d\u0131\u015f\u0131ndaki ara\u015ft\u0131rmalarla anlat\u0131lmas\u0131; Fransa\u2019da T\u00fcrkiye k\u00f6kenli gen\u00e7lerin okullar\u0131nda kendilerini ifade etmede ya\u015fad\u0131klar\u0131 s\u0131k\u0131nt\u0131n\u0131n g\u00f6zlemlenmesinden sonra ortaya \u00e7\u0131km\u0131\u015ft\u0131r.<\/span><\/p>\n<div class=\"text_exposed_show\">\n<p>T\u00fcrkiye k\u00f6kenli gen\u00e7lerimize kendilerini ifade etmede ve okullar\u0131nda tarih derslerinde herhangi bir s\u0131k\u0131nt\u0131 ya\u015famadan 1915 olaylar\u0131 konusunda fikir belirtebilmelerine yaramas\u0131, COJEP International\u2019in \u00f6ncelikli dile\u011fi ve amac\u0131d\u0131r.<\/p>\n<\/div>\n<p>Bu ama\u00e7 do\u011frultusunda Fransa&rsquo;n\u0131n Strasbourg, Paris, Belfort, Lyon, Nantes, Bordeaux ve Marsilya \u015fehirlerinde \u00a0\u00ab\u00a01915 Olaylar\u0131 &#8211; Ger\u00e7ekler Ayd\u0131nlans\u0131n\u00a0\u00bb Projesi ger\u00e7ekle\u015ftirmi\u015ftir. Proje kapsam\u0131nda T\u00fcrkiye&rsquo;den Hacettepe \u00dcniversitesi Prof.\u00a0Dr. Mehmet SEY\u0130TDANLIO\u011eLU, Ege \u00dcniversitesi&rsquo;nden Prof. Dr. Mevl\u00fct \u00c7ELEB\u0130 ve Akdeniz \u00dcniversitesi&rsquo;nden Yard. Do\u00e7. Dr. Ayd\u0131n BEDEN konu \u00fczerindeki tarihi \u00e7al\u0131\u015fmalar\u0131n\u0131 T\u00fcrkiye k\u00f6kenli\u00a0vatanda\u015flarla payla\u015fm\u0131\u015flard\u0131r.<\/p>\n<p>Proje kapsam\u0131nda haz\u0131rlanan ve T\u00fcrkiye k\u00f6kenli vatadanda\u015flarla payla\u015f\u0131lan kitap\u00e7\u0131\u011f\u0131m\u0131za buradaki linkten indirebilir ve okuyabilirsiniz.\u00a0<a href=\"https:\/\/cojep.com\/wp-content\/uploads\/2017\/03\/1915-Olaylar\u0131-Kitap\u00e7\u0131k.pdf\">1915 Olaylar\u0131 &#8211; Kitap\u00e7\u0131k<\/a><\/p>\n<p>&nbsp;<\/p>\n\n\t\t<style type=\"text\/css\">\n\t\t\t#gallery-1 {\n\t\t\t\tmargin: auto;\n\t\t\t}\n\t\t\t#gallery-1 .gallery-item {\n\t\t\t\tfloat: left;\n\t\t\t\tmargin-top: 10px;\n\t\t\t\ttext-align: center;\n\t\t\t\twidth: 33%;\n\t\t\t}\n\t\t\t#gallery-1 img {\n\t\t\t\tborder: 2px solid #cfcfcf;\n\t\t\t}\n\t\t\t#gallery-1 .gallery-caption {\n\t\t\t\tmargin-left: 0;\n\t\t\t}\n\t\t\t\/* see gallery_shortcode() in wp-includes\/media.php *\/\n\t\t<\/style>\n\t\t<div id='gallery-1' class='gallery galleryid-470 gallery-columns-3 gallery-size-thumbnail'><dl class='gallery-item'>\n\t\t\t<dt class='gallery-icon landscape'>\n\t\t\t\t<a href='https:\/\/cojep.com\/tr\/kampanyalarimiz\/2017\/03\/30\/1915-olaylari-gercekler-aydinlansin\/attachment\/strazburg2\/'><img loading=\"lazy\" decoding=\"async\" width=\"150\" height=\"150\" src=\"https:\/\/cojep.com\/wp-content\/uploads\/2017\/03\/Strazburg2-150x150.jpg\" class=\"attachment-thumbnail size-thumbnail\" alt=\"\" \/><\/a>\n\t\t\t<\/dt><\/dl><dl class='gallery-item'>\n\t\t\t<dt class='gallery-icon landscape'>\n\t\t\t\t<a href='https:\/\/cojep.com\/tr\/kampanyalarimiz\/2017\/03\/30\/1915-olaylari-gercekler-aydinlansin\/attachment\/belfort\/'><img loading=\"lazy\" decoding=\"async\" width=\"150\" height=\"150\" src=\"https:\/\/cojep.com\/wp-content\/uploads\/2017\/03\/Belfort-150x150.jpg\" class=\"attachment-thumbnail size-thumbnail\" alt=\"\" \/><\/a>\n\t\t\t<\/dt><\/dl><dl class='gallery-item'>\n\t\t\t<dt class='gallery-icon landscape'>\n\t\t\t\t<a href='https:\/\/cojep.com\/tr\/kampanyalarimiz\/2017\/03\/30\/1915-olaylari-gercekler-aydinlansin\/attachment\/bordeaux\/'><img loading=\"lazy\" decoding=\"async\" width=\"150\" height=\"150\" src=\"https:\/\/cojep.com\/wp-content\/uploads\/2017\/03\/Bordeaux-150x150.jpg\" class=\"attachment-thumbnail size-thumbnail\" alt=\"\" \/><\/a>\n\t\t\t<\/dt><\/dl><br style=\"clear: both\" \/><dl class='gallery-item'>\n\t\t\t<dt class='gallery-icon portrait'>\n\t\t\t\t<a href='https:\/\/cojep.com\/tr\/kampanyalarimiz\/2017\/03\/30\/1915-olaylari-gercekler-aydinlansin\/attachment\/mustafa-gazete\/'><img loading=\"lazy\" decoding=\"async\" width=\"150\" height=\"150\" src=\"https:\/\/cojep.com\/wp-content\/uploads\/2017\/03\/mustafa-gazete-150x150.jpg\" class=\"attachment-thumbnail size-thumbnail\" alt=\"\" \/><\/a>\n\t\t\t<\/dt><\/dl><dl class='gallery-item'>\n\t\t\t<dt class='gallery-icon portrait'>\n\t\t\t\t<a href='https:\/\/cojep.com\/tr\/kampanyalarimiz\/2017\/03\/30\/1915-olaylari-gercekler-aydinlansin\/attachment\/mustafa-hurriyet\/'><img loading=\"lazy\" decoding=\"async\" width=\"150\" height=\"150\" src=\"https:\/\/cojep.com\/wp-content\/uploads\/2017\/03\/mustafa-hurriyet-150x150.jpg\" class=\"attachment-thumbnail size-thumbnail\" alt=\"\" \/><\/a>\n\t\t\t<\/dt><\/dl>\n\t\t\t<br style='clear: both' \/>\n\t\t<\/div>\n\n<p>&nbsp;<\/p>","protected":false},"excerpt":{"rendered":"<p>1915 OLAYLARI HAKKINDA 1915 Olaylar\u0131 ile ilgili Frans\u0131z ders kitaplar\u0131n\u0131n \u00f6\u011frettikleri yan\u0131nda muhakeme yeteneklerini geli\u015ftirerek; gen\u00e7lerin farkl\u0131 kaynaklardan da beslenmeleri sa\u011flamak amac\u0131yla konferanslar, COJEP International taraf\u0131ndan organize edilmi\u015f ve T\u00fcrkiye Cumhuriyeti\u2019nin farkl\u0131 \u00fcniversitelerinde \u00e7al\u0131\u015fmalar\u0131n\u0131 ger\u00e7ekle\u015ftiren de\u011ferli akademisyenlerin destekleri ile bu konferanslar ba\u015far\u0131yla tamamlanm\u0131\u015f; tamamlanmak i\u00e7in b\u00fcy\u00fck emek sarf edilmi\u015ftir. 1915 Olaylar\u0131n\u0131n, insan hak ve \u00f6zg\u00fcrl\u00fcklerini,&hellip; <br \/> <a class=\"read-more\" href=\"https:\/\/cojep.com\/tr\/kampanyalarimiz\/2017\/03\/30\/1915-olaylari-gercekler-aydinlansin\/\">Daha Fazla<\/a><\/p>","protected":false},"author":2,"featured_media":472,"comment_status":"open","ping_status":"open","sticky":false,"template":"","format":"standard","meta":{"footnotes":""},"categories":[329],"tags":[],"class_list":["post-470","post","type-post","status-publish","format-standard","has-post-thumbnail","hentry","category-kampanyalarimiz"],"yoast_head":"<!-- This site is optimized with the Yoast SEO plugin v27.3 - https:\/\/yoast.com\/product\/yoast-seo-wordpress\/ -->\n<title>1915 Olaylar\u0131 - Ger\u00e7ekler Ayd\u0131nlans\u0131n - Cojep International<\/title>\n<meta name=\"robots\" content=\"index, follow, max-snippet:-1, max-image-preview:large, max-video-preview:-1\" \/>\n<link rel=\"canonical\" href=\"https:\/\/cojep.com\/tr\/kampanyalarimiz\/2017\/03\/30\/1915-olaylari-gercekler-aydinlansin\/\" \/>\n<meta property=\"og:locale\" content=\"tr_TR\" \/>\n<meta property=\"og:type\" content=\"article\" \/>\n<meta property=\"og:title\" content=\"1915 Olaylar\u0131 - Ger\u00e7ekler Ayd\u0131nlans\u0131n - Cojep International\" \/>\n<meta property=\"og:description\" content=\"1915 OLAYLARI HAKKINDA 1915 Olaylar\u0131 ile ilgili Frans\u0131z ders kitaplar\u0131n\u0131n \u00f6\u011frettikleri yan\u0131nda muhakeme yeteneklerini geli\u015ftirerek; gen\u00e7lerin farkl\u0131 kaynaklardan da beslenmeleri sa\u011flamak amac\u0131yla konferanslar, COJEP International taraf\u0131ndan organize edilmi\u015f ve T\u00fcrkiye Cumhuriyeti\u2019nin farkl\u0131 \u00fcniversitelerinde \u00e7al\u0131\u015fmalar\u0131n\u0131 ger\u00e7ekle\u015ftiren de\u011ferli akademisyenlerin destekleri ile bu konferanslar ba\u015far\u0131yla tamamlanm\u0131\u015f; tamamlanmak i\u00e7in b\u00fcy\u00fck emek sarf edilmi\u015ftir. 1915 Olaylar\u0131n\u0131n, insan hak ve \u00f6zg\u00fcrl\u00fcklerini,&hellip; Read more\" \/>\n<meta property=\"og:url\" content=\"https:\/\/cojep.com\/tr\/kampanyalarimiz\/2017\/03\/30\/1915-olaylari-gercekler-aydinlansin\/\" \/>\n<meta property=\"og:site_name\" content=\"Cojep International\" \/>\n<meta property=\"article:published_time\" content=\"2017-03-30T14:43:12+00:00\" \/>\n<meta property=\"article:modified_time\" content=\"2021-01-10T08:29:38+00:00\" \/>\n<meta property=\"og:image\" content=\"https:\/\/cojep.com\/wp-content\/uploads\/2017\/03\/1915-Olaylari-Bordeaux-e1490886385571.jpg\" \/>\n\t<meta property=\"og:image:width\" content=\"750\" \/>\n\t<meta property=\"og:image:height\" content=\"1112\" \/>\n\t<meta property=\"og:image:type\" content=\"image\/jpeg\" \/>\n<meta name=\"author\" content=\"Admin Cojep\" \/>\n<meta name=\"twitter:card\" content=\"summary_large_image\" \/>\n<meta name=\"twitter:label1\" content=\"Yazan:\" \/>\n\t<meta name=\"twitter:data1\" content=\"Admin Cojep\" \/>\n\t<meta name=\"twitter:label2\" content=\"Tahmini okuma s\u00fcresi\" \/>\n\t<meta name=\"twitter:data2\" content=\"2 dakika\" \/>\n<script type=\"application\/ld+json\" class=\"yoast-schema-graph\">{\"@context\":\"https:\\\/\\\/schema.org\",\"@graph\":[{\"@type\":\"Article\",\"@id\":\"https:\\\/\\\/cojep.com\\\/kampanyalarimiz\\\/2017\\\/03\\\/30\\\/1915-olaylari-gercekler-aydinlansin\\\/#article\",\"isPartOf\":{\"@id\":\"https:\\\/\\\/cojep.com\\\/kampanyalarimiz\\\/2017\\\/03\\\/30\\\/1915-olaylari-gercekler-aydinlansin\\\/\"},\"author\":{\"name\":\"Admin Cojep\",\"@id\":\"https:\\\/\\\/cojep.com\\\/#\\\/schema\\\/person\\\/1ecf08016acfd3d6a23e474b711b28f9\"},\"headline\":\"1915 Olaylar\u0131 &#8211; Ger\u00e7ekler Ayd\u0131nlans\u0131n\",\"datePublished\":\"2017-03-30T14:43:12+00:00\",\"dateModified\":\"2021-01-10T08:29:38+00:00\",\"mainEntityOfPage\":{\"@id\":\"https:\\\/\\\/cojep.com\\\/kampanyalarimiz\\\/2017\\\/03\\\/30\\\/1915-olaylari-gercekler-aydinlansin\\\/\"},\"wordCount\":324,\"commentCount\":0,\"publisher\":{\"@id\":\"https:\\\/\\\/cojep.com\\\/#organization\"},\"image\":{\"@id\":\"https:\\\/\\\/cojep.com\\\/kampanyalarimiz\\\/2017\\\/03\\\/30\\\/1915-olaylari-gercekler-aydinlansin\\\/#primaryimage\"},\"thumbnailUrl\":\"https:\\\/\\\/cojep.com\\\/wp-content\\\/uploads\\\/2017\\\/03\\\/1915-Olaylari-Bordeaux-e1490886385571.jpg\",\"articleSection\":[\"Kampanyalar\u0131m\u0131z\"],\"inLanguage\":\"tr\",\"potentialAction\":[{\"@type\":\"CommentAction\",\"name\":\"Comment\",\"target\":[\"https:\\\/\\\/cojep.com\\\/kampanyalarimiz\\\/2017\\\/03\\\/30\\\/1915-olaylari-gercekler-aydinlansin\\\/#respond\"]}]},{\"@type\":\"WebPage\",\"@id\":\"https:\\\/\\\/cojep.com\\\/kampanyalarimiz\\\/2017\\\/03\\\/30\\\/1915-olaylari-gercekler-aydinlansin\\\/\",\"url\":\"https:\\\/\\\/cojep.com\\\/kampanyalarimiz\\\/2017\\\/03\\\/30\\\/1915-olaylari-gercekler-aydinlansin\\\/\",\"name\":\"1915 Olaylar\u0131 - Ger\u00e7ekler Ayd\u0131nlans\u0131n - Cojep International\",\"isPartOf\":{\"@id\":\"https:\\\/\\\/cojep.com\\\/#website\"},\"primaryImageOfPage\":{\"@id\":\"https:\\\/\\\/cojep.com\\\/kampanyalarimiz\\\/2017\\\/03\\\/30\\\/1915-olaylari-gercekler-aydinlansin\\\/#primaryimage\"},\"image\":{\"@id\":\"https:\\\/\\\/cojep.com\\\/kampanyalarimiz\\\/2017\\\/03\\\/30\\\/1915-olaylari-gercekler-aydinlansin\\\/#primaryimage\"},\"thumbnailUrl\":\"https:\\\/\\\/cojep.com\\\/wp-content\\\/uploads\\\/2017\\\/03\\\/1915-Olaylari-Bordeaux-e1490886385571.jpg\",\"datePublished\":\"2017-03-30T14:43:12+00:00\",\"dateModified\":\"2021-01-10T08:29:38+00:00\",\"inLanguage\":\"tr\",\"potentialAction\":[{\"@type\":\"ReadAction\",\"target\":[\"https:\\\/\\\/cojep.com\\\/kampanyalarimiz\\\/2017\\\/03\\\/30\\\/1915-olaylari-gercekler-aydinlansin\\\/\"]}]},{\"@type\":\"ImageObject\",\"inLanguage\":\"tr\",\"@id\":\"https:\\\/\\\/cojep.com\\\/kampanyalarimiz\\\/2017\\\/03\\\/30\\\/1915-olaylari-gercekler-aydinlansin\\\/#primaryimage\",\"url\":\"https:\\\/\\\/cojep.com\\\/wp-content\\\/uploads\\\/2017\\\/03\\\/1915-Olaylari-Bordeaux-e1490886385571.jpg\",\"contentUrl\":\"https:\\\/\\\/cojep.com\\\/wp-content\\\/uploads\\\/2017\\\/03\\\/1915-Olaylari-Bordeaux-e1490886385571.jpg\",\"width\":750,\"height\":1112},{\"@type\":\"WebSite\",\"@id\":\"https:\\\/\\\/cojep.com\\\/#website\",\"url\":\"https:\\\/\\\/cojep.com\\\/\",\"name\":\"Cojep International\",\"description\":\"Conseil pour la Justice, l&#039;Egalit\u00e9 et la Paix\",\"publisher\":{\"@id\":\"https:\\\/\\\/cojep.com\\\/#organization\"},\"potentialAction\":[{\"@type\":\"SearchAction\",\"target\":{\"@type\":\"EntryPoint\",\"urlTemplate\":\"https:\\\/\\\/cojep.com\\\/?s={search_term_string}\"},\"query-input\":{\"@type\":\"PropertyValueSpecification\",\"valueRequired\":true,\"valueName\":\"search_term_string\"}}],\"inLanguage\":\"tr\"},{\"@type\":\"Organization\",\"@id\":\"https:\\\/\\\/cojep.com\\\/#organization\",\"name\":\"Cojep International\",\"url\":\"https:\\\/\\\/cojep.com\\\/\",\"logo\":{\"@type\":\"ImageObject\",\"inLanguage\":\"tr\",\"@id\":\"https:\\\/\\\/cojep.com\\\/#\\\/schema\\\/logo\\\/image\\\/\",\"url\":\"https:\\\/\\\/cojep.com\\\/wp-content\\\/uploads\\\/2022\\\/05\\\/cropped-cropped-cropped-logo-3.png\",\"contentUrl\":\"https:\\\/\\\/cojep.com\\\/wp-content\\\/uploads\\\/2022\\\/05\\\/cropped-cropped-cropped-logo-3.png\",\"width\":512,\"height\":512,\"caption\":\"Cojep International\"},\"image\":{\"@id\":\"https:\\\/\\\/cojep.com\\\/#\\\/schema\\\/logo\\\/image\\\/\"}},{\"@type\":\"Person\",\"@id\":\"https:\\\/\\\/cojep.com\\\/#\\\/schema\\\/person\\\/1ecf08016acfd3d6a23e474b711b28f9\",\"name\":\"Admin Cojep\",\"image\":{\"@type\":\"ImageObject\",\"inLanguage\":\"tr\",\"@id\":\"https:\\\/\\\/secure.gravatar.com\\\/avatar\\\/dcce3d5ee953d671cf8bce58041662d10b8577ace29a5e06173a432c53fcc587?s=96&d=mm&r=g\",\"url\":\"https:\\\/\\\/secure.gravatar.com\\\/avatar\\\/dcce3d5ee953d671cf8bce58041662d10b8577ace29a5e06173a432c53fcc587?s=96&d=mm&r=g\",\"contentUrl\":\"https:\\\/\\\/secure.gravatar.com\\\/avatar\\\/dcce3d5ee953d671cf8bce58041662d10b8577ace29a5e06173a432c53fcc587?s=96&d=mm&r=g\",\"caption\":\"Admin Cojep\"},\"sameAs\":[\"http:\\\/\\\/www.cojep.com\"]}]}<\/script>\n<!-- \/ Yoast SEO plugin. -->","yoast_head_json":{"title":"1915 Olaylar\u0131 - Ger\u00e7ekler Ayd\u0131nlans\u0131n - Cojep International","robots":{"index":"index","follow":"follow","max-snippet":"max-snippet:-1","max-image-preview":"max-image-preview:large","max-video-preview":"max-video-preview:-1"},"canonical":"https:\/\/cojep.com\/tr\/kampanyalarimiz\/2017\/03\/30\/1915-olaylari-gercekler-aydinlansin\/","og_locale":"tr_TR","og_type":"article","og_title":"1915 Olaylar\u0131 - Ger\u00e7ekler Ayd\u0131nlans\u0131n - Cojep International","og_description":"1915 OLAYLARI HAKKINDA 1915 Olaylar\u0131 ile ilgili Frans\u0131z ders kitaplar\u0131n\u0131n \u00f6\u011frettikleri yan\u0131nda muhakeme yeteneklerini geli\u015ftirerek; gen\u00e7lerin farkl\u0131 kaynaklardan da beslenmeleri sa\u011flamak amac\u0131yla konferanslar, COJEP International taraf\u0131ndan organize edilmi\u015f ve T\u00fcrkiye Cumhuriyeti\u2019nin farkl\u0131 \u00fcniversitelerinde \u00e7al\u0131\u015fmalar\u0131n\u0131 ger\u00e7ekle\u015ftiren de\u011ferli akademisyenlerin destekleri ile bu konferanslar ba\u015far\u0131yla tamamlanm\u0131\u015f; tamamlanmak i\u00e7in b\u00fcy\u00fck emek sarf edilmi\u015ftir. 1915 Olaylar\u0131n\u0131n, insan hak ve \u00f6zg\u00fcrl\u00fcklerini,&hellip; Read more","og_url":"https:\/\/cojep.com\/tr\/kampanyalarimiz\/2017\/03\/30\/1915-olaylari-gercekler-aydinlansin\/","og_site_name":"Cojep International","article_published_time":"2017-03-30T14:43:12+00:00","article_modified_time":"2021-01-10T08:29:38+00:00","og_image":[{"width":750,"height":1112,"url":"https:\/\/cojep.com\/wp-content\/uploads\/2017\/03\/1915-Olaylari-Bordeaux-e1490886385571.jpg","type":"image\/jpeg"}],"author":"Admin Cojep","twitter_card":"summary_large_image","twitter_misc":{"Yazan:":"Admin Cojep","Tahmini okuma s\u00fcresi":"2 dakika"},"schema":{"@context":"https:\/\/schema.org","@graph":[{"@type":"Article","@id":"https:\/\/cojep.com\/kampanyalarimiz\/2017\/03\/30\/1915-olaylari-gercekler-aydinlansin\/#article","isPartOf":{"@id":"https:\/\/cojep.com\/kampanyalarimiz\/2017\/03\/30\/1915-olaylari-gercekler-aydinlansin\/"},"author":{"name":"Admin Cojep","@id":"https:\/\/cojep.com\/#\/schema\/person\/1ecf08016acfd3d6a23e474b711b28f9"},"headline":"1915 Olaylar\u0131 &#8211; Ger\u00e7ekler Ayd\u0131nlans\u0131n","datePublished":"2017-03-30T14:43:12+00:00","dateModified":"2021-01-10T08:29:38+00:00","mainEntityOfPage":{"@id":"https:\/\/cojep.com\/kampanyalarimiz\/2017\/03\/30\/1915-olaylari-gercekler-aydinlansin\/"},"wordCount":324,"commentCount":0,"publisher":{"@id":"https:\/\/cojep.com\/#organization"},"image":{"@id":"https:\/\/cojep.com\/kampanyalarimiz\/2017\/03\/30\/1915-olaylari-gercekler-aydinlansin\/#primaryimage"},"thumbnailUrl":"https:\/\/cojep.com\/wp-content\/uploads\/2017\/03\/1915-Olaylari-Bordeaux-e1490886385571.jpg","articleSection":["Kampanyalar\u0131m\u0131z"],"inLanguage":"tr","potentialAction":[{"@type":"CommentAction","name":"Comment","target":["https:\/\/cojep.com\/kampanyalarimiz\/2017\/03\/30\/1915-olaylari-gercekler-aydinlansin\/#respond"]}]},{"@type":"WebPage","@id":"https:\/\/cojep.com\/kampanyalarimiz\/2017\/03\/30\/1915-olaylari-gercekler-aydinlansin\/","url":"https:\/\/cojep.com\/kampanyalarimiz\/2017\/03\/30\/1915-olaylari-gercekler-aydinlansin\/","name":"1915 Olaylar\u0131 - Ger\u00e7ekler Ayd\u0131nlans\u0131n - Cojep International","isPartOf":{"@id":"https:\/\/cojep.com\/#website"},"primaryImageOfPage":{"@id":"https:\/\/cojep.com\/kampanyalarimiz\/2017\/03\/30\/1915-olaylari-gercekler-aydinlansin\/#primaryimage"},"image":{"@id":"https:\/\/cojep.com\/kampanyalarimiz\/2017\/03\/30\/1915-olaylari-gercekler-aydinlansin\/#primaryimage"},"thumbnailUrl":"https:\/\/cojep.com\/wp-content\/uploads\/2017\/03\/1915-Olaylari-Bordeaux-e1490886385571.jpg","datePublished":"2017-03-30T14:43:12+00:00","dateModified":"2021-01-10T08:29:38+00:00","inLanguage":"tr","potentialAction":[{"@type":"ReadAction","target":["https:\/\/cojep.com\/kampanyalarimiz\/2017\/03\/30\/1915-olaylari-gercekler-aydinlansin\/"]}]},{"@type":"ImageObject","inLanguage":"tr","@id":"https:\/\/cojep.com\/kampanyalarimiz\/2017\/03\/30\/1915-olaylari-gercekler-aydinlansin\/#primaryimage","url":"https:\/\/cojep.com\/wp-content\/uploads\/2017\/03\/1915-Olaylari-Bordeaux-e1490886385571.jpg","contentUrl":"https:\/\/cojep.com\/wp-content\/uploads\/2017\/03\/1915-Olaylari-Bordeaux-e1490886385571.jpg","width":750,"height":1112},{"@type":"WebSite","@id":"https:\/\/cojep.com\/#website","url":"https:\/\/cojep.com\/","name":"Cojep International","description":"Adalet, E\u015fitlik ve Bar\u0131\u015f Konseyi","publisher":{"@id":"https:\/\/cojep.com\/#organization"},"potentialAction":[{"@type":"SearchAction","target":{"@type":"EntryPoint","urlTemplate":"https:\/\/cojep.com\/?s={search_term_string}"},"query-input":{"@type":"PropertyValueSpecification","valueRequired":true,"valueName":"search_term_string"}}],"inLanguage":"tr"},{"@type":"Organization","@id":"https:\/\/cojep.com\/#organization","name":"Cojep International","url":"https:\/\/cojep.com\/","logo":{"@type":"ImageObject","inLanguage":"tr","@id":"https:\/\/cojep.com\/#\/schema\/logo\/image\/","url":"https:\/\/cojep.com\/wp-content\/uploads\/2022\/05\/cropped-cropped-cropped-logo-3.png","contentUrl":"https:\/\/cojep.com\/wp-content\/uploads\/2022\/05\/cropped-cropped-cropped-logo-3.png","width":512,"height":512,"caption":"Cojep International"},"image":{"@id":"https:\/\/cojep.com\/#\/schema\/logo\/image\/"}},{"@type":"Person","@id":"https:\/\/cojep.com\/#\/schema\/person\/1ecf08016acfd3d6a23e474b711b28f9","name":"Admin Cojep","image":{"@type":"ImageObject","inLanguage":"tr","@id":"https:\/\/secure.gravatar.com\/avatar\/dcce3d5ee953d671cf8bce58041662d10b8577ace29a5e06173a432c53fcc587?s=96&d=mm&r=g","url":"https:\/\/secure.gravatar.com\/avatar\/dcce3d5ee953d671cf8bce58041662d10b8577ace29a5e06173a432c53fcc587?s=96&d=mm&r=g","contentUrl":"https:\/\/secure.gravatar.com\/avatar\/dcce3d5ee953d671cf8bce58041662d10b8577ace29a5e06173a432c53fcc587?s=96&d=mm&r=g","caption":"Admin Cojep"},"sameAs":["http:\/\/www.cojep.com"]}]}},"_links":{"self":[{"href":"https:\/\/cojep.com\/tr\/wp-json\/wp\/v2\/posts\/470","targetHints":{"allow":["GET"]}}],"collection":[{"href":"https:\/\/cojep.com\/tr\/wp-json\/wp\/v2\/posts"}],"about":[{"href":"https:\/\/cojep.com\/tr\/wp-json\/wp\/v2\/types\/post"}],"author":[{"embeddable":true,"href":"https:\/\/cojep.com\/tr\/wp-json\/wp\/v2\/users\/2"}],"replies":[{"embeddable":true,"href":"https:\/\/cojep.com\/tr\/wp-json\/wp\/v2\/comments?post=470"}],"version-history":[{"count":0,"href":"https:\/\/cojep.com\/tr\/wp-json\/wp\/v2\/posts\/470\/revisions"}],"wp:featuredmedia":[{"embeddable":true,"href":"https:\/\/cojep.com\/tr\/wp-json\/wp\/v2\/media\/472"}],"wp:attachment":[{"href":"https:\/\/cojep.com\/tr\/wp-json\/wp\/v2\/media?parent=470"}],"wp:term":[{"taxonomy":"category","embeddable":true,"href":"https:\/\/cojep.com\/tr\/wp-json\/wp\/v2\/categories?post=470"},{"taxonomy":"post_tag","embeddable":true,"href":"https:\/\/cojep.com\/tr\/wp-json\/wp\/v2\/tags?post=470"}],"curies":[{"name":"wp","href":"https:\/\/api.w.org\/{rel}","templated":true}]}}