{"id":672,"date":"2017-06-08T14:30:58","date_gmt":"2017-06-08T14:30:58","guid":{"rendered":"https:\/\/cojep.com\/?p=672"},"modified":"2021-01-08T21:50:49","modified_gmt":"2021-01-08T21:50:49","slug":"cojep-et-oriw-ont-ete-invite-a-participer-au-forum-islamophobia-organise-par-yaf","status":"publish","type":"post","link":"https:\/\/cojep.com\/tr\/cojep\/programmes-evenements\/2017\/06\/08\/cojep-et-oriw-ont-ete-invite-a-participer-au-forum-islamophobia-organise-par-yaf\/","title":{"rendered":"COJEP ET ORIW ONT \u00c9T\u00c9 INVIT\u00c9 A PARTICIPER AU FORUM \u201cISLAMOPHOBIA\u201d ORGANIS\u00c9 PAR YAF"},"content":{"rendered":"<p>YAF \u2013 Young Academics Forum qui est une initiative du YCDC \u2013 Youth Commission for Diplomacy and Collaboration (Commission des Jeunes pour la Diplomatie et la Collaboration) a r\u00e9cemment organis\u00e9 \u00e0 Ankara (Turquie) un forum sur l\u2019Islamophobie, suivie d\u2019une visite \u00e0 Istanbul.<\/p>\n<p>Le forum a accueilli des acad\u00e9miciens et des jeunes universitaires engag\u00e9s dans l&rsquo;\u00e9tude de l&rsquo;islamophobie. Le but du forum \u00e9tait de cr\u00e9er un espace intellectuel o\u00f9 les \u00e9tudiants dipl\u00f4m\u00e9s et postuniversitaires du monde entier se retrouvent pour discuter des probl\u00e8mes de l&rsquo;islamophobie de leurs pays d\u2019origine.<\/p>\n<p>L\u2019\u00e9v\u00e8nement a rassembl\u00e9 plus d\u2019une cinquantaine d\u2019invit\u00e9s de tout horizon, notamment des Etats-Unis et du Canda.<\/p>\n<p>L\u2019objectif est de faciliter la recherche d\u2019acad\u00e9miciens<\/p>\n<p>et de jeunes universitaires dans un environnement propice \u00e0 l\u2019\u00e9change mutuel d\u2019id\u00e9es. Ce fut une opportunit\u00e9 pour ces derniers d\u2019\u00e9tablir un r\u00e9seau avec d\u2019autres coll\u00e8gues du m\u00eame domaine d\u2019\u00e9tudes.<\/p>\n<p>Les trois premiers jours du forum \u00e9t\u00e9 consacr\u00e9 \u00e0 la pr\u00e9sentation des recherches des participants.<\/p>\n<p>Le forum a \u00e9t\u00e9 r\u00e9alis\u00e9 avec le soutien et le support du SETA \u2013 think tank turque et du Ministre de la Jeunesse et des Sports. Le discours d\u2019ouverture du forum a \u00e9t\u00e9 prononc\u00e9 par le ministre du la Jeunesse et des Sports \u2013 Akif \u00c7a\u011fatay K\u0131l\u0131\u00e7.<\/p>\n<p>Le porte-parole de la pr\u00e9sidence turque \u2013 \u0130brahim Kal\u0131n en tant que sp\u00e9cialiste du domaine et auteur de plusieurs ouvrages sur l\u2019islamophobie est aussi intervenue le dernier jour de la conf\u00e9rence.<\/p>\n<p>Kevser Dilek a repr\u00e9sent\u00e9 le Cojep et l\u2019ORIW pendant le forum.<\/p>\n<p>&nbsp;<\/p>\n<p><img loading=\"lazy\" decoding=\"async\" class=\"alignnone size-full wp-image-674\" src=\"https:\/\/cojep.com\/wp-content\/uploads\/2017\/06\/file-1.jpeg\" alt=\"\" width=\"1280\" height=\"853\" srcset=\"https:\/\/cojep.com\/wp-content\/uploads\/2017\/06\/file-1.jpeg 1280w, https:\/\/cojep.com\/wp-content\/uploads\/2017\/06\/file-1-300x200.jpeg 300w, https:\/\/cojep.com\/wp-content\/uploads\/2017\/06\/file-1-768x512.jpeg 768w, https:\/\/cojep.com\/wp-content\/uploads\/2017\/06\/file-1-1024x682.jpeg 1024w, https:\/\/cojep.com\/wp-content\/uploads\/2017\/06\/file-1-696x464.jpeg 696w, https:\/\/cojep.com\/wp-content\/uploads\/2017\/06\/file-1-1068x712.jpeg 1068w, https:\/\/cojep.com\/wp-content\/uploads\/2017\/06\/file-1-630x420.jpeg 630w\" sizes=\"auto, (max-width: 1280px) 100vw, 1280px\" \/><\/p>","protected":false},"excerpt":{"rendered":"<p>YAF \u2013 Young Academics Forum qui est une initiative du YCDC \u2013 Youth Commission for Diplomacy and Collaboration (Commission des Jeunes pour la Diplomatie et la Collaboration) a r\u00e9cemment organis\u00e9 \u00e0 Ankara (Turquie) un forum sur l\u2019Islamophobie, suivie d\u2019une visite \u00e0 Istanbul. Le forum a accueilli des acad\u00e9miciens et des jeunes universitaires engag\u00e9s dans l&rsquo;\u00e9tude&hellip; <br \/> <a class=\"read-more\" href=\"https:\/\/cojep.com\/tr\/cojep\/programmes-evenements\/2017\/06\/08\/cojep-et-oriw-ont-ete-invite-a-participer-au-forum-islamophobia-organise-par-yaf\/\">Daha Fazla<\/a><\/p>","protected":false},"author":2,"featured_media":673,"comment_status":"open","ping_status":"open","sticky":false,"template":"","format":"standard","meta":{"footnotes":""},"categories":[29],"tags":[135,136],"class_list":["post-672","post","type-post","status-publish","format-standard","has-post-thumbnail","hentry","category-programmes-evenements","tag-islam","tag-islamophobie"],"yoast_head":"<!-- This site is optimized with the Yoast SEO plugin v27.3 - https:\/\/yoast.com\/product\/yoast-seo-wordpress\/ -->\n<title>COJEP ET ORIW ONT \u00c9T\u00c9 INVIT\u00c9 A PARTICIPER AU FORUM \u201cISLAMOPHOBIA\u201d ORGANIS\u00c9 PAR YAF - Cojep International<\/title>\n<meta name=\"robots\" content=\"index, follow, max-snippet:-1, max-image-preview:large, max-video-preview:-1\" \/>\n<link rel=\"canonical\" href=\"https:\/\/cojep.com\/tr\/cojep\/programmes-evenements\/2017\/06\/08\/cojep-et-oriw-ont-ete-invite-a-participer-au-forum-islamophobia-organise-par-yaf\/\" \/>\n<meta property=\"og:locale\" content=\"tr_TR\" \/>\n<meta property=\"og:type\" content=\"article\" \/>\n<meta property=\"og:title\" content=\"COJEP ET ORIW ONT \u00c9T\u00c9 INVIT\u00c9 A PARTICIPER AU FORUM \u201cISLAMOPHOBIA\u201d ORGANIS\u00c9 PAR YAF - Cojep International\" \/>\n<meta property=\"og:description\" content=\"YAF \u2013 Young Academics Forum qui est une initiative du YCDC \u2013 Youth Commission for Diplomacy and Collaboration (Commission des Jeunes pour la Diplomatie et la Collaboration) a r\u00e9cemment organis\u00e9 \u00e0 Ankara (Turquie) un forum sur l\u2019Islamophobie, suivie d\u2019une visite \u00e0 Istanbul. Le forum a accueilli des acad\u00e9miciens et des jeunes universitaires engag\u00e9s dans l&rsquo;\u00e9tude&hellip; Read more\" \/>\n<meta property=\"og:url\" content=\"https:\/\/cojep.com\/tr\/cojep\/programmes-evenements\/2017\/06\/08\/cojep-et-oriw-ont-ete-invite-a-participer-au-forum-islamophobia-organise-par-yaf\/\" \/>\n<meta property=\"og:site_name\" content=\"Cojep International\" \/>\n<meta property=\"article:published_time\" content=\"2017-06-08T14:30:58+00:00\" \/>\n<meta property=\"article:modified_time\" content=\"2021-01-08T21:50:49+00:00\" \/>\n<meta property=\"og:image\" content=\"https:\/\/cojep.com\/wp-content\/uploads\/2017\/06\/file2-1.jpeg\" \/>\n\t<meta property=\"og:image:width\" content=\"1280\" \/>\n\t<meta property=\"og:image:height\" content=\"853\" \/>\n\t<meta property=\"og:image:type\" content=\"image\/jpeg\" \/>\n<meta name=\"author\" content=\"Admin Cojep\" \/>\n<meta name=\"twitter:card\" content=\"summary_large_image\" \/>\n<meta name=\"twitter:label1\" content=\"Yazan:\" \/>\n\t<meta name=\"twitter:data1\" content=\"Admin Cojep\" \/>\n\t<meta name=\"twitter:label2\" content=\"Tahmini okuma s\u00fcresi\" \/>\n\t<meta name=\"twitter:data2\" content=\"1 dakika\" \/>\n<script type=\"application\/ld+json\" class=\"yoast-schema-graph\">{\"@context\":\"https:\\\/\\\/schema.org\",\"@graph\":[{\"@type\":\"Article\",\"@id\":\"https:\\\/\\\/cojep.com\\\/tr\\\/cojep\\\/programmes-evenements\\\/2017\\\/06\\\/08\\\/cojep-et-oriw-ont-ete-invite-a-participer-au-forum-islamophobia-organise-par-yaf\\\/#article\",\"isPartOf\":{\"@id\":\"https:\\\/\\\/cojep.com\\\/tr\\\/cojep\\\/programmes-evenements\\\/2017\\\/06\\\/08\\\/cojep-et-oriw-ont-ete-invite-a-participer-au-forum-islamophobia-organise-par-yaf\\\/\"},\"author\":{\"name\":\"Admin Cojep\",\"@id\":\"https:\\\/\\\/cojep.com\\\/#\\\/schema\\\/person\\\/1ecf08016acfd3d6a23e474b711b28f9\"},\"headline\":\"COJEP ET ORIW ONT \u00c9T\u00c9 INVIT\u00c9 A PARTICIPER AU FORUM \u201cISLAMOPHOBIA\u201d ORGANIS\u00c9 PAR YAF\",\"datePublished\":\"2017-06-08T14:30:58+00:00\",\"dateModified\":\"2021-01-08T21:50:49+00:00\",\"mainEntityOfPage\":{\"@id\":\"https:\\\/\\\/cojep.com\\\/tr\\\/cojep\\\/programmes-evenements\\\/2017\\\/06\\\/08\\\/cojep-et-oriw-ont-ete-invite-a-participer-au-forum-islamophobia-organise-par-yaf\\\/\"},\"wordCount\":290,\"commentCount\":0,\"publisher\":{\"@id\":\"https:\\\/\\\/cojep.com\\\/#organization\"},\"image\":{\"@id\":\"https:\\\/\\\/cojep.com\\\/tr\\\/cojep\\\/programmes-evenements\\\/2017\\\/06\\\/08\\\/cojep-et-oriw-ont-ete-invite-a-participer-au-forum-islamophobia-organise-par-yaf\\\/#primaryimage\"},\"thumbnailUrl\":\"https:\\\/\\\/cojep.com\\\/wp-content\\\/uploads\\\/2017\\\/06\\\/file2-1.jpeg\",\"keywords\":[\"islam\",\"islamophobie\"],\"articleSection\":[\"Ev\u00e8nements\"],\"inLanguage\":\"tr\",\"potentialAction\":[{\"@type\":\"CommentAction\",\"name\":\"Comment\",\"target\":[\"https:\\\/\\\/cojep.com\\\/tr\\\/cojep\\\/programmes-evenements\\\/2017\\\/06\\\/08\\\/cojep-et-oriw-ont-ete-invite-a-participer-au-forum-islamophobia-organise-par-yaf\\\/#respond\"]}]},{\"@type\":\"WebPage\",\"@id\":\"https:\\\/\\\/cojep.com\\\/tr\\\/cojep\\\/programmes-evenements\\\/2017\\\/06\\\/08\\\/cojep-et-oriw-ont-ete-invite-a-participer-au-forum-islamophobia-organise-par-yaf\\\/\",\"url\":\"https:\\\/\\\/cojep.com\\\/tr\\\/cojep\\\/programmes-evenements\\\/2017\\\/06\\\/08\\\/cojep-et-oriw-ont-ete-invite-a-participer-au-forum-islamophobia-organise-par-yaf\\\/\",\"name\":\"COJEP ET ORIW ONT \u00c9T\u00c9 INVIT\u00c9 A PARTICIPER AU FORUM \u201cISLAMOPHOBIA\u201d ORGANIS\u00c9 PAR YAF - Cojep International\",\"isPartOf\":{\"@id\":\"https:\\\/\\\/cojep.com\\\/#website\"},\"primaryImageOfPage\":{\"@id\":\"https:\\\/\\\/cojep.com\\\/tr\\\/cojep\\\/programmes-evenements\\\/2017\\\/06\\\/08\\\/cojep-et-oriw-ont-ete-invite-a-participer-au-forum-islamophobia-organise-par-yaf\\\/#primaryimage\"},\"image\":{\"@id\":\"https:\\\/\\\/cojep.com\\\/tr\\\/cojep\\\/programmes-evenements\\\/2017\\\/06\\\/08\\\/cojep-et-oriw-ont-ete-invite-a-participer-au-forum-islamophobia-organise-par-yaf\\\/#primaryimage\"},\"thumbnailUrl\":\"https:\\\/\\\/cojep.com\\\/wp-content\\\/uploads\\\/2017\\\/06\\\/file2-1.jpeg\",\"datePublished\":\"2017-06-08T14:30:58+00:00\",\"dateModified\":\"2021-01-08T21:50:49+00:00\",\"inLanguage\":\"tr\",\"potentialAction\":[{\"@type\":\"ReadAction\",\"target\":[\"https:\\\/\\\/cojep.com\\\/tr\\\/cojep\\\/programmes-evenements\\\/2017\\\/06\\\/08\\\/cojep-et-oriw-ont-ete-invite-a-participer-au-forum-islamophobia-organise-par-yaf\\\/\"]}]},{\"@type\":\"ImageObject\",\"inLanguage\":\"tr\",\"@id\":\"https:\\\/\\\/cojep.com\\\/tr\\\/cojep\\\/programmes-evenements\\\/2017\\\/06\\\/08\\\/cojep-et-oriw-ont-ete-invite-a-participer-au-forum-islamophobia-organise-par-yaf\\\/#primaryimage\",\"url\":\"https:\\\/\\\/cojep.com\\\/wp-content\\\/uploads\\\/2017\\\/06\\\/file2-1.jpeg\",\"contentUrl\":\"https:\\\/\\\/cojep.com\\\/wp-content\\\/uploads\\\/2017\\\/06\\\/file2-1.jpeg\",\"width\":1280,\"height\":853},{\"@type\":\"WebSite\",\"@id\":\"https:\\\/\\\/cojep.com\\\/#website\",\"url\":\"https:\\\/\\\/cojep.com\\\/\",\"name\":\"Cojep International\",\"description\":\"Conseil pour la Justice, l&#039;Egalit\u00e9 et la Paix\",\"publisher\":{\"@id\":\"https:\\\/\\\/cojep.com\\\/#organization\"},\"potentialAction\":[{\"@type\":\"SearchAction\",\"target\":{\"@type\":\"EntryPoint\",\"urlTemplate\":\"https:\\\/\\\/cojep.com\\\/?s={search_term_string}\"},\"query-input\":{\"@type\":\"PropertyValueSpecification\",\"valueRequired\":true,\"valueName\":\"search_term_string\"}}],\"inLanguage\":\"tr\"},{\"@type\":\"Organization\",\"@id\":\"https:\\\/\\\/cojep.com\\\/#organization\",\"name\":\"Cojep International\",\"url\":\"https:\\\/\\\/cojep.com\\\/\",\"logo\":{\"@type\":\"ImageObject\",\"inLanguage\":\"tr\",\"@id\":\"https:\\\/\\\/cojep.com\\\/#\\\/schema\\\/logo\\\/image\\\/\",\"url\":\"https:\\\/\\\/cojep.com\\\/wp-content\\\/uploads\\\/2022\\\/05\\\/cropped-cropped-cropped-logo-3.png\",\"contentUrl\":\"https:\\\/\\\/cojep.com\\\/wp-content\\\/uploads\\\/2022\\\/05\\\/cropped-cropped-cropped-logo-3.png\",\"width\":512,\"height\":512,\"caption\":\"Cojep International\"},\"image\":{\"@id\":\"https:\\\/\\\/cojep.com\\\/#\\\/schema\\\/logo\\\/image\\\/\"}},{\"@type\":\"Person\",\"@id\":\"https:\\\/\\\/cojep.com\\\/#\\\/schema\\\/person\\\/1ecf08016acfd3d6a23e474b711b28f9\",\"name\":\"Admin Cojep\",\"image\":{\"@type\":\"ImageObject\",\"inLanguage\":\"tr\",\"@id\":\"https:\\\/\\\/secure.gravatar.com\\\/avatar\\\/dcce3d5ee953d671cf8bce58041662d10b8577ace29a5e06173a432c53fcc587?s=96&d=mm&r=g\",\"url\":\"https:\\\/\\\/secure.gravatar.com\\\/avatar\\\/dcce3d5ee953d671cf8bce58041662d10b8577ace29a5e06173a432c53fcc587?s=96&d=mm&r=g\",\"contentUrl\":\"https:\\\/\\\/secure.gravatar.com\\\/avatar\\\/dcce3d5ee953d671cf8bce58041662d10b8577ace29a5e06173a432c53fcc587?s=96&d=mm&r=g\",\"caption\":\"Admin Cojep\"},\"sameAs\":[\"http:\\\/\\\/www.cojep.com\"]}]}<\/script>\n<!-- \/ Yoast SEO plugin. -->","yoast_head_json":{"title":"COJEP ET ORIW ONT \u00c9T\u00c9 INVIT\u00c9 A PARTICIPER AU FORUM \u201cISLAMOPHOBIA\u201d ORGANIS\u00c9 PAR YAF - Cojep International","robots":{"index":"index","follow":"follow","max-snippet":"max-snippet:-1","max-image-preview":"max-image-preview:large","max-video-preview":"max-video-preview:-1"},"canonical":"https:\/\/cojep.com\/tr\/cojep\/programmes-evenements\/2017\/06\/08\/cojep-et-oriw-ont-ete-invite-a-participer-au-forum-islamophobia-organise-par-yaf\/","og_locale":"tr_TR","og_type":"article","og_title":"COJEP ET ORIW ONT \u00c9T\u00c9 INVIT\u00c9 A PARTICIPER AU FORUM \u201cISLAMOPHOBIA\u201d ORGANIS\u00c9 PAR YAF - Cojep International","og_description":"YAF \u2013 Young Academics Forum qui est une initiative du YCDC \u2013 Youth Commission for Diplomacy and Collaboration (Commission des Jeunes pour la Diplomatie et la Collaboration) a r\u00e9cemment organis\u00e9 \u00e0 Ankara (Turquie) un forum sur l\u2019Islamophobie, suivie d\u2019une visite \u00e0 Istanbul. Le forum a accueilli des acad\u00e9miciens et des jeunes universitaires engag\u00e9s dans l&rsquo;\u00e9tude&hellip; Read more","og_url":"https:\/\/cojep.com\/tr\/cojep\/programmes-evenements\/2017\/06\/08\/cojep-et-oriw-ont-ete-invite-a-participer-au-forum-islamophobia-organise-par-yaf\/","og_site_name":"Cojep International","article_published_time":"2017-06-08T14:30:58+00:00","article_modified_time":"2021-01-08T21:50:49+00:00","og_image":[{"width":1280,"height":853,"url":"https:\/\/cojep.com\/wp-content\/uploads\/2017\/06\/file2-1.jpeg","type":"image\/jpeg"}],"author":"Admin Cojep","twitter_card":"summary_large_image","twitter_misc":{"Yazan:":"Admin Cojep","Tahmini okuma s\u00fcresi":"1 dakika"},"schema":{"@context":"https:\/\/schema.org","@graph":[{"@type":"Article","@id":"https:\/\/cojep.com\/tr\/cojep\/programmes-evenements\/2017\/06\/08\/cojep-et-oriw-ont-ete-invite-a-participer-au-forum-islamophobia-organise-par-yaf\/#article","isPartOf":{"@id":"https:\/\/cojep.com\/tr\/cojep\/programmes-evenements\/2017\/06\/08\/cojep-et-oriw-ont-ete-invite-a-participer-au-forum-islamophobia-organise-par-yaf\/"},"author":{"name":"Admin Cojep","@id":"https:\/\/cojep.com\/#\/schema\/person\/1ecf08016acfd3d6a23e474b711b28f9"},"headline":"COJEP ET ORIW ONT \u00c9T\u00c9 INVIT\u00c9 A PARTICIPER AU FORUM \u201cISLAMOPHOBIA\u201d ORGANIS\u00c9 PAR YAF","datePublished":"2017-06-08T14:30:58+00:00","dateModified":"2021-01-08T21:50:49+00:00","mainEntityOfPage":{"@id":"https:\/\/cojep.com\/tr\/cojep\/programmes-evenements\/2017\/06\/08\/cojep-et-oriw-ont-ete-invite-a-participer-au-forum-islamophobia-organise-par-yaf\/"},"wordCount":290,"commentCount":0,"publisher":{"@id":"https:\/\/cojep.com\/#organization"},"image":{"@id":"https:\/\/cojep.com\/tr\/cojep\/programmes-evenements\/2017\/06\/08\/cojep-et-oriw-ont-ete-invite-a-participer-au-forum-islamophobia-organise-par-yaf\/#primaryimage"},"thumbnailUrl":"https:\/\/cojep.com\/wp-content\/uploads\/2017\/06\/file2-1.jpeg","keywords":["islam","islamophobie"],"articleSection":["Ev\u00e8nements"],"inLanguage":"tr","potentialAction":[{"@type":"CommentAction","name":"Comment","target":["https:\/\/cojep.com\/tr\/cojep\/programmes-evenements\/2017\/06\/08\/cojep-et-oriw-ont-ete-invite-a-participer-au-forum-islamophobia-organise-par-yaf\/#respond"]}]},{"@type":"WebPage","@id":"https:\/\/cojep.com\/tr\/cojep\/programmes-evenements\/2017\/06\/08\/cojep-et-oriw-ont-ete-invite-a-participer-au-forum-islamophobia-organise-par-yaf\/","url":"https:\/\/cojep.com\/tr\/cojep\/programmes-evenements\/2017\/06\/08\/cojep-et-oriw-ont-ete-invite-a-participer-au-forum-islamophobia-organise-par-yaf\/","name":"COJEP ET ORIW ONT \u00c9T\u00c9 INVIT\u00c9 A PARTICIPER AU FORUM \u201cISLAMOPHOBIA\u201d ORGANIS\u00c9 PAR YAF - Cojep International","isPartOf":{"@id":"https:\/\/cojep.com\/#website"},"primaryImageOfPage":{"@id":"https:\/\/cojep.com\/tr\/cojep\/programmes-evenements\/2017\/06\/08\/cojep-et-oriw-ont-ete-invite-a-participer-au-forum-islamophobia-organise-par-yaf\/#primaryimage"},"image":{"@id":"https:\/\/cojep.com\/tr\/cojep\/programmes-evenements\/2017\/06\/08\/cojep-et-oriw-ont-ete-invite-a-participer-au-forum-islamophobia-organise-par-yaf\/#primaryimage"},"thumbnailUrl":"https:\/\/cojep.com\/wp-content\/uploads\/2017\/06\/file2-1.jpeg","datePublished":"2017-06-08T14:30:58+00:00","dateModified":"2021-01-08T21:50:49+00:00","inLanguage":"tr","potentialAction":[{"@type":"ReadAction","target":["https:\/\/cojep.com\/tr\/cojep\/programmes-evenements\/2017\/06\/08\/cojep-et-oriw-ont-ete-invite-a-participer-au-forum-islamophobia-organise-par-yaf\/"]}]},{"@type":"ImageObject","inLanguage":"tr","@id":"https:\/\/cojep.com\/tr\/cojep\/programmes-evenements\/2017\/06\/08\/cojep-et-oriw-ont-ete-invite-a-participer-au-forum-islamophobia-organise-par-yaf\/#primaryimage","url":"https:\/\/cojep.com\/wp-content\/uploads\/2017\/06\/file2-1.jpeg","contentUrl":"https:\/\/cojep.com\/wp-content\/uploads\/2017\/06\/file2-1.jpeg","width":1280,"height":853},{"@type":"WebSite","@id":"https:\/\/cojep.com\/#website","url":"https:\/\/cojep.com\/","name":"Cojep International","description":"Adalet, E\u015fitlik ve Bar\u0131\u015f Konseyi","publisher":{"@id":"https:\/\/cojep.com\/#organization"},"potentialAction":[{"@type":"SearchAction","target":{"@type":"EntryPoint","urlTemplate":"https:\/\/cojep.com\/?s={search_term_string}"},"query-input":{"@type":"PropertyValueSpecification","valueRequired":true,"valueName":"search_term_string"}}],"inLanguage":"tr"},{"@type":"Organization","@id":"https:\/\/cojep.com\/#organization","name":"Cojep International","url":"https:\/\/cojep.com\/","logo":{"@type":"ImageObject","inLanguage":"tr","@id":"https:\/\/cojep.com\/#\/schema\/logo\/image\/","url":"https:\/\/cojep.com\/wp-content\/uploads\/2022\/05\/cropped-cropped-cropped-logo-3.png","contentUrl":"https:\/\/cojep.com\/wp-content\/uploads\/2022\/05\/cropped-cropped-cropped-logo-3.png","width":512,"height":512,"caption":"Cojep International"},"image":{"@id":"https:\/\/cojep.com\/#\/schema\/logo\/image\/"}},{"@type":"Person","@id":"https:\/\/cojep.com\/#\/schema\/person\/1ecf08016acfd3d6a23e474b711b28f9","name":"Admin Cojep","image":{"@type":"ImageObject","inLanguage":"tr","@id":"https:\/\/secure.gravatar.com\/avatar\/dcce3d5ee953d671cf8bce58041662d10b8577ace29a5e06173a432c53fcc587?s=96&d=mm&r=g","url":"https:\/\/secure.gravatar.com\/avatar\/dcce3d5ee953d671cf8bce58041662d10b8577ace29a5e06173a432c53fcc587?s=96&d=mm&r=g","contentUrl":"https:\/\/secure.gravatar.com\/avatar\/dcce3d5ee953d671cf8bce58041662d10b8577ace29a5e06173a432c53fcc587?s=96&d=mm&r=g","caption":"Admin Cojep"},"sameAs":["http:\/\/www.cojep.com"]}]}},"_links":{"self":[{"href":"https:\/\/cojep.com\/tr\/wp-json\/wp\/v2\/posts\/672","targetHints":{"allow":["GET"]}}],"collection":[{"href":"https:\/\/cojep.com\/tr\/wp-json\/wp\/v2\/posts"}],"about":[{"href":"https:\/\/cojep.com\/tr\/wp-json\/wp\/v2\/types\/post"}],"author":[{"embeddable":true,"href":"https:\/\/cojep.com\/tr\/wp-json\/wp\/v2\/users\/2"}],"replies":[{"embeddable":true,"href":"https:\/\/cojep.com\/tr\/wp-json\/wp\/v2\/comments?post=672"}],"version-history":[{"count":0,"href":"https:\/\/cojep.com\/tr\/wp-json\/wp\/v2\/posts\/672\/revisions"}],"wp:featuredmedia":[{"embeddable":true,"href":"https:\/\/cojep.com\/tr\/wp-json\/wp\/v2\/media\/673"}],"wp:attachment":[{"href":"https:\/\/cojep.com\/tr\/wp-json\/wp\/v2\/media?parent=672"}],"wp:term":[{"taxonomy":"category","embeddable":true,"href":"https:\/\/cojep.com\/tr\/wp-json\/wp\/v2\/categories?post=672"},{"taxonomy":"post_tag","embeddable":true,"href":"https:\/\/cojep.com\/tr\/wp-json\/wp\/v2\/tags?post=672"}],"curies":[{"name":"wp","href":"https:\/\/api.w.org\/{rel}","templated":true}]}}