{"id":686,"date":"2017-06-13T15:09:50","date_gmt":"2017-06-13T15:09:50","guid":{"rendered":"https:\/\/cojep.com\/?p=686"},"modified":"2021-01-08T20:30:35","modified_gmt":"2021-01-08T20:30:35","slug":"communique-de-presse","status":"publish","type":"post","link":"https:\/\/cojep.com\/tr\/communique-de-presse\/2017\/06\/13\/communique-de-presse\/","title":{"rendered":"Communiqu\u00e9 de Presse sur le Blocus du Qatar !"},"content":{"rendered":"<p><img loading=\"lazy\" decoding=\"async\" class=\"alignleft size-medium wp-image-1131\" src=\"https:\/\/cojep.com\/wp-content\/uploads\/2017\/06\/4107646760_a12be82ec5_b-300x175.jpg\" alt=\"\" width=\"300\" height=\"175\" srcset=\"https:\/\/cojep.com\/wp-content\/uploads\/2017\/06\/4107646760_a12be82ec5_b-300x175.jpg 300w, https:\/\/cojep.com\/wp-content\/uploads\/2017\/06\/4107646760_a12be82ec5_b-768x449.jpg 768w, https:\/\/cojep.com\/wp-content\/uploads\/2017\/06\/4107646760_a12be82ec5_b.jpg 1024w, https:\/\/cojep.com\/wp-content\/uploads\/2017\/06\/4107646760_a12be82ec5_b-696x407.jpg 696w, https:\/\/cojep.com\/wp-content\/uploads\/2017\/06\/4107646760_a12be82ec5_b-718x420.jpg 718w\" sizes=\"auto, (max-width: 300px) 100vw, 300px\" \/>Cojep International condamne le blocus injustifi\u00e9 du Qatar de la part de ses anciens alli\u00e9s.<br \/>\nNous demandons aux antagonistes de cesser imm\u00e9diatement les mesures restrictives de la libert\u00e9 des Qataris. Celles-ci violent les droits de l\u2019homme et les libert\u00e9s fondamentales et sont en contradiction avec la D\u00e9claration Universelle des droits de l\u2019homme des Nations Unies.<!--more--><br \/>\nNous appelons tous les pays concern\u00e9s \u00e0 utiliser le dialogue pour la r\u00e9solution des litiges notamment dans le cadre de Conseil de Coop\u00e9ration du Golfe.<\/p>\n<p>Nous leur rappelons qu\u2019un conflit suppl\u00e9mentaire entre fr\u00e8re n\u2019est dans l\u2019int\u00e9r\u00eat d\u2019aucun pays et risque de plonger la r\u00e9gion d\u00e9j\u00e0 instable dans un chaos irr\u00e9versible.<br \/>\nNous appelons la communaut\u00e9 internationale \u00e0 utiliser tous les moyens de pression et d\u2019influence n\u00e9cessaire pour une r\u00e9solution pacifique de cette crise.<\/p>\n<p><img loading=\"lazy\" decoding=\"async\" class=\"alignnone size-full wp-image-687\" src=\"https:\/\/cojep.com\/wp-content\/uploads\/2017\/06\/Communique-qatar.jpg\" alt=\"\" width=\"2446\" height=\"3449\" srcset=\"https:\/\/cojep.com\/wp-content\/uploads\/2017\/06\/Communique-qatar.jpg 2446w, https:\/\/cojep.com\/wp-content\/uploads\/2017\/06\/Communique-qatar-213x300.jpg 213w, https:\/\/cojep.com\/wp-content\/uploads\/2017\/06\/Communique-qatar-768x1083.jpg 768w, https:\/\/cojep.com\/wp-content\/uploads\/2017\/06\/Communique-qatar-726x1024.jpg 726w, https:\/\/cojep.com\/wp-content\/uploads\/2017\/06\/Communique-qatar-696x981.jpg 696w, https:\/\/cojep.com\/wp-content\/uploads\/2017\/06\/Communique-qatar-1068x1506.jpg 1068w, https:\/\/cojep.com\/wp-content\/uploads\/2017\/06\/Communique-qatar-298x420.jpg 298w\" sizes=\"auto, (max-width: 2446px) 100vw, 2446px\" \/><\/p>","protected":false},"excerpt":{"rendered":"<p>Cojep International condamne le blocus injustifi\u00e9 du Qatar de la part de ses anciens alli\u00e9s. Nous demandons aux antagonistes de cesser imm\u00e9diatement les mesures restrictives de la libert\u00e9 des Qataris. Celles-ci violent les droits de l\u2019homme et les libert\u00e9s fondamentales et sont en contradiction avec la D\u00e9claration Universelle des droits de l\u2019homme des Nations Unies.<\/p>","protected":false},"author":2,"featured_media":1131,"comment_status":"open","ping_status":"open","sticky":false,"template":"","format":"standard","meta":{"footnotes":""},"categories":[143],"tags":[209,213,144,215,216,212,214,211,149,210],"class_list":["post-686","post","type-post","status-publish","format-standard","has-post-thumbnail","hentry","category-communique-de-presse","tag-blocus","tag-communaute","tag-communique","tag-crise","tag-golfe","tag-instabilite","tag-internationale","tag-moyen-orient","tag-presse","tag-qatar"],"yoast_head":"<!-- This site is optimized with the Yoast SEO plugin v27.3 - https:\/\/yoast.com\/product\/yoast-seo-wordpress\/ -->\n<title>Communiqu\u00e9 de Presse sur le Blocus du Qatar ! - Cojep International<\/title>\n<meta name=\"robots\" content=\"index, follow, max-snippet:-1, max-image-preview:large, max-video-preview:-1\" \/>\n<link rel=\"canonical\" href=\"https:\/\/cojep.com\/tr\/communique-de-presse\/2017\/06\/13\/communique-de-presse\/\" \/>\n<meta property=\"og:locale\" content=\"tr_TR\" \/>\n<meta property=\"og:type\" content=\"article\" \/>\n<meta property=\"og:title\" content=\"Communiqu\u00e9 de Presse sur le Blocus du Qatar ! - Cojep International\" \/>\n<meta property=\"og:description\" content=\"Cojep International condamne le blocus injustifi\u00e9 du Qatar de la part de ses anciens alli\u00e9s. Nous demandons aux antagonistes de cesser imm\u00e9diatement les mesures restrictives de la libert\u00e9 des Qataris. Celles-ci violent les droits de l\u2019homme et les libert\u00e9s fondamentales et sont en contradiction avec la D\u00e9claration Universelle des droits de l\u2019homme des Nations Unies.\" \/>\n<meta property=\"og:url\" content=\"https:\/\/cojep.com\/tr\/communique-de-presse\/2017\/06\/13\/communique-de-presse\/\" \/>\n<meta property=\"og:site_name\" content=\"Cojep International\" \/>\n<meta property=\"article:published_time\" content=\"2017-06-13T15:09:50+00:00\" \/>\n<meta property=\"article:modified_time\" content=\"2021-01-08T20:30:35+00:00\" \/>\n<meta property=\"og:image\" content=\"https:\/\/cojep.com\/wp-content\/uploads\/2017\/06\/4107646760_a12be82ec5_b.jpg\" \/>\n\t<meta property=\"og:image:width\" content=\"1024\" \/>\n\t<meta property=\"og:image:height\" content=\"599\" \/>\n\t<meta property=\"og:image:type\" content=\"image\/jpeg\" \/>\n<meta name=\"author\" content=\"Admin Cojep\" \/>\n<meta name=\"twitter:card\" content=\"summary_large_image\" \/>\n<meta name=\"twitter:label1\" content=\"Yazan:\" \/>\n\t<meta name=\"twitter:data1\" content=\"Admin Cojep\" \/>\n\t<meta name=\"twitter:label2\" content=\"Tahmini okuma s\u00fcresi\" \/>\n\t<meta name=\"twitter:data2\" content=\"1 dakika\" \/>\n<script type=\"application\/ld+json\" class=\"yoast-schema-graph\">{\"@context\":\"https:\\\/\\\/schema.org\",\"@graph\":[{\"@type\":\"Article\",\"@id\":\"https:\\\/\\\/cojep.com\\\/tr\\\/communique-de-presse\\\/2017\\\/06\\\/13\\\/communique-de-presse\\\/#article\",\"isPartOf\":{\"@id\":\"https:\\\/\\\/cojep.com\\\/tr\\\/communique-de-presse\\\/2017\\\/06\\\/13\\\/communique-de-presse\\\/\"},\"author\":{\"name\":\"Admin Cojep\",\"@id\":\"https:\\\/\\\/cojep.com\\\/#\\\/schema\\\/person\\\/1ecf08016acfd3d6a23e474b711b28f9\"},\"headline\":\"Communiqu\u00e9 de Presse sur le Blocus du Qatar !\",\"datePublished\":\"2017-06-13T15:09:50+00:00\",\"dateModified\":\"2021-01-08T20:30:35+00:00\",\"mainEntityOfPage\":{\"@id\":\"https:\\\/\\\/cojep.com\\\/tr\\\/communique-de-presse\\\/2017\\\/06\\\/13\\\/communique-de-presse\\\/\"},\"wordCount\":156,\"commentCount\":0,\"publisher\":{\"@id\":\"https:\\\/\\\/cojep.com\\\/#organization\"},\"image\":{\"@id\":\"https:\\\/\\\/cojep.com\\\/tr\\\/communique-de-presse\\\/2017\\\/06\\\/13\\\/communique-de-presse\\\/#primaryimage\"},\"thumbnailUrl\":\"https:\\\/\\\/cojep.com\\\/wp-content\\\/uploads\\\/2017\\\/06\\\/4107646760_a12be82ec5_b.jpg\",\"keywords\":[\"blocus\",\"communaut\u00e9\",\"communiqu\u00e9\",\"crise\",\"golfe\",\"instabilit\u00e9\",\"internationale\",\"moyen-orient\",\"presse\",\"qatar\"],\"articleSection\":[\"Communiqu\u00e9\"],\"inLanguage\":\"tr\",\"potentialAction\":[{\"@type\":\"CommentAction\",\"name\":\"Comment\",\"target\":[\"https:\\\/\\\/cojep.com\\\/tr\\\/communique-de-presse\\\/2017\\\/06\\\/13\\\/communique-de-presse\\\/#respond\"]}]},{\"@type\":\"WebPage\",\"@id\":\"https:\\\/\\\/cojep.com\\\/tr\\\/communique-de-presse\\\/2017\\\/06\\\/13\\\/communique-de-presse\\\/\",\"url\":\"https:\\\/\\\/cojep.com\\\/tr\\\/communique-de-presse\\\/2017\\\/06\\\/13\\\/communique-de-presse\\\/\",\"name\":\"Communiqu\u00e9 de Presse sur le Blocus du Qatar ! - Cojep International\",\"isPartOf\":{\"@id\":\"https:\\\/\\\/cojep.com\\\/#website\"},\"primaryImageOfPage\":{\"@id\":\"https:\\\/\\\/cojep.com\\\/tr\\\/communique-de-presse\\\/2017\\\/06\\\/13\\\/communique-de-presse\\\/#primaryimage\"},\"image\":{\"@id\":\"https:\\\/\\\/cojep.com\\\/tr\\\/communique-de-presse\\\/2017\\\/06\\\/13\\\/communique-de-presse\\\/#primaryimage\"},\"thumbnailUrl\":\"https:\\\/\\\/cojep.com\\\/wp-content\\\/uploads\\\/2017\\\/06\\\/4107646760_a12be82ec5_b.jpg\",\"datePublished\":\"2017-06-13T15:09:50+00:00\",\"dateModified\":\"2021-01-08T20:30:35+00:00\",\"inLanguage\":\"tr\",\"potentialAction\":[{\"@type\":\"ReadAction\",\"target\":[\"https:\\\/\\\/cojep.com\\\/tr\\\/communique-de-presse\\\/2017\\\/06\\\/13\\\/communique-de-presse\\\/\"]}]},{\"@type\":\"ImageObject\",\"inLanguage\":\"tr\",\"@id\":\"https:\\\/\\\/cojep.com\\\/tr\\\/communique-de-presse\\\/2017\\\/06\\\/13\\\/communique-de-presse\\\/#primaryimage\",\"url\":\"https:\\\/\\\/cojep.com\\\/wp-content\\\/uploads\\\/2017\\\/06\\\/4107646760_a12be82ec5_b.jpg\",\"contentUrl\":\"https:\\\/\\\/cojep.com\\\/wp-content\\\/uploads\\\/2017\\\/06\\\/4107646760_a12be82ec5_b.jpg\",\"width\":1024,\"height\":599},{\"@type\":\"WebSite\",\"@id\":\"https:\\\/\\\/cojep.com\\\/#website\",\"url\":\"https:\\\/\\\/cojep.com\\\/\",\"name\":\"Cojep International\",\"description\":\"Conseil pour la Justice, l&#039;Egalit\u00e9 et la Paix\",\"publisher\":{\"@id\":\"https:\\\/\\\/cojep.com\\\/#organization\"},\"potentialAction\":[{\"@type\":\"SearchAction\",\"target\":{\"@type\":\"EntryPoint\",\"urlTemplate\":\"https:\\\/\\\/cojep.com\\\/?s={search_term_string}\"},\"query-input\":{\"@type\":\"PropertyValueSpecification\",\"valueRequired\":true,\"valueName\":\"search_term_string\"}}],\"inLanguage\":\"tr\"},{\"@type\":\"Organization\",\"@id\":\"https:\\\/\\\/cojep.com\\\/#organization\",\"name\":\"Cojep International\",\"url\":\"https:\\\/\\\/cojep.com\\\/\",\"logo\":{\"@type\":\"ImageObject\",\"inLanguage\":\"tr\",\"@id\":\"https:\\\/\\\/cojep.com\\\/#\\\/schema\\\/logo\\\/image\\\/\",\"url\":\"https:\\\/\\\/cojep.com\\\/wp-content\\\/uploads\\\/2022\\\/05\\\/cropped-cropped-cropped-logo-3.png\",\"contentUrl\":\"https:\\\/\\\/cojep.com\\\/wp-content\\\/uploads\\\/2022\\\/05\\\/cropped-cropped-cropped-logo-3.png\",\"width\":512,\"height\":512,\"caption\":\"Cojep International\"},\"image\":{\"@id\":\"https:\\\/\\\/cojep.com\\\/#\\\/schema\\\/logo\\\/image\\\/\"}},{\"@type\":\"Person\",\"@id\":\"https:\\\/\\\/cojep.com\\\/#\\\/schema\\\/person\\\/1ecf08016acfd3d6a23e474b711b28f9\",\"name\":\"Admin Cojep\",\"image\":{\"@type\":\"ImageObject\",\"inLanguage\":\"tr\",\"@id\":\"https:\\\/\\\/secure.gravatar.com\\\/avatar\\\/dcce3d5ee953d671cf8bce58041662d10b8577ace29a5e06173a432c53fcc587?s=96&d=mm&r=g\",\"url\":\"https:\\\/\\\/secure.gravatar.com\\\/avatar\\\/dcce3d5ee953d671cf8bce58041662d10b8577ace29a5e06173a432c53fcc587?s=96&d=mm&r=g\",\"contentUrl\":\"https:\\\/\\\/secure.gravatar.com\\\/avatar\\\/dcce3d5ee953d671cf8bce58041662d10b8577ace29a5e06173a432c53fcc587?s=96&d=mm&r=g\",\"caption\":\"Admin Cojep\"},\"sameAs\":[\"http:\\\/\\\/www.cojep.com\"]}]}<\/script>\n<!-- \/ Yoast SEO plugin. -->","yoast_head_json":{"title":"Communiqu\u00e9 de Presse sur le Blocus du Qatar ! - Cojep International","robots":{"index":"index","follow":"follow","max-snippet":"max-snippet:-1","max-image-preview":"max-image-preview:large","max-video-preview":"max-video-preview:-1"},"canonical":"https:\/\/cojep.com\/tr\/communique-de-presse\/2017\/06\/13\/communique-de-presse\/","og_locale":"tr_TR","og_type":"article","og_title":"Communiqu\u00e9 de Presse sur le Blocus du Qatar ! - Cojep International","og_description":"Cojep International condamne le blocus injustifi\u00e9 du Qatar de la part de ses anciens alli\u00e9s. Nous demandons aux antagonistes de cesser imm\u00e9diatement les mesures restrictives de la libert\u00e9 des Qataris. Celles-ci violent les droits de l\u2019homme et les libert\u00e9s fondamentales et sont en contradiction avec la D\u00e9claration Universelle des droits de l\u2019homme des Nations Unies.","og_url":"https:\/\/cojep.com\/tr\/communique-de-presse\/2017\/06\/13\/communique-de-presse\/","og_site_name":"Cojep International","article_published_time":"2017-06-13T15:09:50+00:00","article_modified_time":"2021-01-08T20:30:35+00:00","og_image":[{"width":1024,"height":599,"url":"https:\/\/cojep.com\/wp-content\/uploads\/2017\/06\/4107646760_a12be82ec5_b.jpg","type":"image\/jpeg"}],"author":"Admin Cojep","twitter_card":"summary_large_image","twitter_misc":{"Yazan:":"Admin Cojep","Tahmini okuma s\u00fcresi":"1 dakika"},"schema":{"@context":"https:\/\/schema.org","@graph":[{"@type":"Article","@id":"https:\/\/cojep.com\/tr\/communique-de-presse\/2017\/06\/13\/communique-de-presse\/#article","isPartOf":{"@id":"https:\/\/cojep.com\/tr\/communique-de-presse\/2017\/06\/13\/communique-de-presse\/"},"author":{"name":"Admin Cojep","@id":"https:\/\/cojep.com\/#\/schema\/person\/1ecf08016acfd3d6a23e474b711b28f9"},"headline":"Communiqu\u00e9 de Presse sur le Blocus du Qatar !","datePublished":"2017-06-13T15:09:50+00:00","dateModified":"2021-01-08T20:30:35+00:00","mainEntityOfPage":{"@id":"https:\/\/cojep.com\/tr\/communique-de-presse\/2017\/06\/13\/communique-de-presse\/"},"wordCount":156,"commentCount":0,"publisher":{"@id":"https:\/\/cojep.com\/#organization"},"image":{"@id":"https:\/\/cojep.com\/tr\/communique-de-presse\/2017\/06\/13\/communique-de-presse\/#primaryimage"},"thumbnailUrl":"https:\/\/cojep.com\/wp-content\/uploads\/2017\/06\/4107646760_a12be82ec5_b.jpg","keywords":["blocus","communaut\u00e9","communiqu\u00e9","crise","golfe","instabilit\u00e9","internationale","moyen-orient","presse","qatar"],"articleSection":["Communiqu\u00e9"],"inLanguage":"tr","potentialAction":[{"@type":"CommentAction","name":"Comment","target":["https:\/\/cojep.com\/tr\/communique-de-presse\/2017\/06\/13\/communique-de-presse\/#respond"]}]},{"@type":"WebPage","@id":"https:\/\/cojep.com\/tr\/communique-de-presse\/2017\/06\/13\/communique-de-presse\/","url":"https:\/\/cojep.com\/tr\/communique-de-presse\/2017\/06\/13\/communique-de-presse\/","name":"Communiqu\u00e9 de Presse sur le Blocus du Qatar ! - Cojep International","isPartOf":{"@id":"https:\/\/cojep.com\/#website"},"primaryImageOfPage":{"@id":"https:\/\/cojep.com\/tr\/communique-de-presse\/2017\/06\/13\/communique-de-presse\/#primaryimage"},"image":{"@id":"https:\/\/cojep.com\/tr\/communique-de-presse\/2017\/06\/13\/communique-de-presse\/#primaryimage"},"thumbnailUrl":"https:\/\/cojep.com\/wp-content\/uploads\/2017\/06\/4107646760_a12be82ec5_b.jpg","datePublished":"2017-06-13T15:09:50+00:00","dateModified":"2021-01-08T20:30:35+00:00","inLanguage":"tr","potentialAction":[{"@type":"ReadAction","target":["https:\/\/cojep.com\/tr\/communique-de-presse\/2017\/06\/13\/communique-de-presse\/"]}]},{"@type":"ImageObject","inLanguage":"tr","@id":"https:\/\/cojep.com\/tr\/communique-de-presse\/2017\/06\/13\/communique-de-presse\/#primaryimage","url":"https:\/\/cojep.com\/wp-content\/uploads\/2017\/06\/4107646760_a12be82ec5_b.jpg","contentUrl":"https:\/\/cojep.com\/wp-content\/uploads\/2017\/06\/4107646760_a12be82ec5_b.jpg","width":1024,"height":599},{"@type":"WebSite","@id":"https:\/\/cojep.com\/#website","url":"https:\/\/cojep.com\/","name":"Cojep International","description":"Adalet, E\u015fitlik ve Bar\u0131\u015f Konseyi","publisher":{"@id":"https:\/\/cojep.com\/#organization"},"potentialAction":[{"@type":"SearchAction","target":{"@type":"EntryPoint","urlTemplate":"https:\/\/cojep.com\/?s={search_term_string}"},"query-input":{"@type":"PropertyValueSpecification","valueRequired":true,"valueName":"search_term_string"}}],"inLanguage":"tr"},{"@type":"Organization","@id":"https:\/\/cojep.com\/#organization","name":"Cojep International","url":"https:\/\/cojep.com\/","logo":{"@type":"ImageObject","inLanguage":"tr","@id":"https:\/\/cojep.com\/#\/schema\/logo\/image\/","url":"https:\/\/cojep.com\/wp-content\/uploads\/2022\/05\/cropped-cropped-cropped-logo-3.png","contentUrl":"https:\/\/cojep.com\/wp-content\/uploads\/2022\/05\/cropped-cropped-cropped-logo-3.png","width":512,"height":512,"caption":"Cojep International"},"image":{"@id":"https:\/\/cojep.com\/#\/schema\/logo\/image\/"}},{"@type":"Person","@id":"https:\/\/cojep.com\/#\/schema\/person\/1ecf08016acfd3d6a23e474b711b28f9","name":"Admin Cojep","image":{"@type":"ImageObject","inLanguage":"tr","@id":"https:\/\/secure.gravatar.com\/avatar\/dcce3d5ee953d671cf8bce58041662d10b8577ace29a5e06173a432c53fcc587?s=96&d=mm&r=g","url":"https:\/\/secure.gravatar.com\/avatar\/dcce3d5ee953d671cf8bce58041662d10b8577ace29a5e06173a432c53fcc587?s=96&d=mm&r=g","contentUrl":"https:\/\/secure.gravatar.com\/avatar\/dcce3d5ee953d671cf8bce58041662d10b8577ace29a5e06173a432c53fcc587?s=96&d=mm&r=g","caption":"Admin Cojep"},"sameAs":["http:\/\/www.cojep.com"]}]}},"_links":{"self":[{"href":"https:\/\/cojep.com\/tr\/wp-json\/wp\/v2\/posts\/686","targetHints":{"allow":["GET"]}}],"collection":[{"href":"https:\/\/cojep.com\/tr\/wp-json\/wp\/v2\/posts"}],"about":[{"href":"https:\/\/cojep.com\/tr\/wp-json\/wp\/v2\/types\/post"}],"author":[{"embeddable":true,"href":"https:\/\/cojep.com\/tr\/wp-json\/wp\/v2\/users\/2"}],"replies":[{"embeddable":true,"href":"https:\/\/cojep.com\/tr\/wp-json\/wp\/v2\/comments?post=686"}],"version-history":[{"count":0,"href":"https:\/\/cojep.com\/tr\/wp-json\/wp\/v2\/posts\/686\/revisions"}],"wp:featuredmedia":[{"embeddable":true,"href":"https:\/\/cojep.com\/tr\/wp-json\/wp\/v2\/media\/1131"}],"wp:attachment":[{"href":"https:\/\/cojep.com\/tr\/wp-json\/wp\/v2\/media?parent=686"}],"wp:term":[{"taxonomy":"category","embeddable":true,"href":"https:\/\/cojep.com\/tr\/wp-json\/wp\/v2\/categories?post=686"},{"taxonomy":"post_tag","embeddable":true,"href":"https:\/\/cojep.com\/tr\/wp-json\/wp\/v2\/tags?post=686"}],"curies":[{"name":"wp","href":"https:\/\/api.w.org\/{rel}","templated":true}]}}