{"id":704,"date":"2017-06-14T16:03:23","date_gmt":"2017-06-14T16:03:23","guid":{"rendered":"https:\/\/cojep.com\/?p=704"},"modified":"2021-01-11T12:36:35","modified_gmt":"2021-01-11T12:36:35","slug":"cojep-katar-krizini-bm-insan-haklari-konseyine-tasidi","status":"publish","type":"post","link":"https:\/\/cojep.com\/tr\/uluslararasi-kurumlar\/birlesmis-milletler-tr-2\/2017\/06\/14\/cojep-katar-krizini-bm-insan-haklari-konseyine-tasidi\/","title":{"rendered":"COJEP Katar krizini BM \u0130nsan Haklar\u0131 Konseyi&rsquo;ne ta\u015f\u0131d\u0131"},"content":{"rendered":"<div style=\"width: 640px;\" class=\"wp-video\"><video class=\"wp-video-shortcode\" id=\"video-704-1\" width=\"640\" height=\"368\" preload=\"metadata\" controls=\"controls\"><source type=\"video\/mp4\" src=\"https:\/\/cojep.com\/wp-content\/uploads\/2017\/06\/WhatsApp-Video-2017-06-14-at-17.31.55.mp4?_=1\" \/><a href=\"https:\/\/cojep.com\/wp-content\/uploads\/2017\/06\/WhatsApp-Video-2017-06-14-at-17.31.55.mp4\">https:\/\/cojep.com\/wp-content\/uploads\/2017\/06\/WhatsApp-Video-2017-06-14-at-17.31.55.mp4<\/a><\/video><\/div>\n<p>Cojep \u0130nternasyonal BM \u0130nsan Haklar\u0131 Genel Kurulu&rsquo;nda s\u00f6z alarak acilen Katar krizinin sonland\u0131r\u0131lmas\u0131 ve Katar halk\u0131n\u0131n ma\u011fduriyetlerinin kald\u0131r\u0131lmas\u0131n\u0131 istedi&#8230;<\/p>\n<p><strong>Cojep konu ile ilgili bas\u0131n a\u00e7\u0131klamas\u0131 yay\u0131nlad\u0131<\/strong><\/p>\n<p>Cojep konu ile ilgli Uluslaras\u0131 kurulu\u015flardaki \u00a0delegasyonlar, STK&rsquo;lar ve ilgili genel m\u00fcd\u00fcrl\u00fckler olmak \u00fczere 3.000 ki\u015fiye mail g\u00f6ndererek krizin bitirilmesini istedi. Cojep yar\u0131n BM Cenevre Ofisi&rsquo;nde konferans d\u00fczenleyerek karar al\u0131c\u0131lar\u0131 ve kamuoyunu do\u011frudan bilgilendirmeye \u00e7al\u0131\u015facakt\u0131r.<\/p>\n<p>&nbsp;<\/p>","protected":false},"excerpt":{"rendered":"<p>Cojep \u0130nternasyonal BM \u0130nsan Haklar\u0131 Genel Kurulu&rsquo;nda s\u00f6z alarak acilen Katar krizinin sonland\u0131r\u0131lmas\u0131 ve Katar halk\u0131n\u0131n ma\u011fduriyetlerinin kald\u0131r\u0131lmas\u0131n\u0131 istedi&#8230; Cojep konu ile ilgili bas\u0131n a\u00e7\u0131klamas\u0131 yay\u0131nlad\u0131 Cojep konu ile ilgli Uluslaras\u0131 kurulu\u015flardaki \u00a0delegasyonlar, STK&rsquo;lar ve ilgili genel m\u00fcd\u00fcrl\u00fckler olmak \u00fczere 3.000 ki\u015fiye mail g\u00f6ndererek krizin bitirilmesini istedi. Cojep yar\u0131n BM Cenevre Ofisi&rsquo;nde konferans d\u00fczenleyerek karar&hellip; <br \/> <a class=\"read-more\" href=\"https:\/\/cojep.com\/tr\/uluslararasi-kurumlar\/birlesmis-milletler-tr-2\/2017\/06\/14\/cojep-katar-krizini-bm-insan-haklari-konseyine-tasidi\/\">Daha Fazla<\/a><\/p>","protected":false},"author":2,"featured_media":705,"comment_status":"open","ping_status":"open","sticky":false,"template":"","format":"standard","meta":{"footnotes":""},"categories":[77,325],"tags":[],"class_list":["post-704","post","type-post","status-publish","format-standard","has-post-thumbnail","hentry","category-birlesmis-milletler-tr-2","category-uluslararasi-kurumlar"],"yoast_head":"<!-- This site is optimized with the Yoast SEO plugin v27.3 - https:\/\/yoast.com\/product\/yoast-seo-wordpress\/ -->\n<title>COJEP Katar krizini BM \u0130nsan Haklar\u0131 Konseyi&#039;ne ta\u015f\u0131d\u0131 - Cojep International<\/title>\n<meta name=\"robots\" content=\"index, follow, max-snippet:-1, max-image-preview:large, max-video-preview:-1\" \/>\n<link rel=\"canonical\" href=\"https:\/\/cojep.com\/tr\/uluslararasi-kurumlar\/birlesmis-milletler-tr-2\/2017\/06\/14\/cojep-katar-krizini-bm-insan-haklari-konseyine-tasidi\/\" \/>\n<meta property=\"og:locale\" content=\"tr_TR\" \/>\n<meta property=\"og:type\" content=\"article\" \/>\n<meta property=\"og:title\" content=\"COJEP Katar krizini BM \u0130nsan Haklar\u0131 Konseyi&#039;ne ta\u015f\u0131d\u0131 - Cojep International\" \/>\n<meta property=\"og:description\" content=\"Cojep \u0130nternasyonal BM \u0130nsan Haklar\u0131 Genel Kurulu&rsquo;nda s\u00f6z alarak acilen Katar krizinin sonland\u0131r\u0131lmas\u0131 ve Katar halk\u0131n\u0131n ma\u011fduriyetlerinin kald\u0131r\u0131lmas\u0131n\u0131 istedi&#8230; Cojep konu ile ilgili bas\u0131n a\u00e7\u0131klamas\u0131 yay\u0131nlad\u0131 Cojep konu ile ilgli Uluslaras\u0131 kurulu\u015flardaki \u00a0delegasyonlar, STK&rsquo;lar ve ilgili genel m\u00fcd\u00fcrl\u00fckler olmak \u00fczere 3.000 ki\u015fiye mail g\u00f6ndererek krizin bitirilmesini istedi. Cojep yar\u0131n BM Cenevre Ofisi&rsquo;nde konferans d\u00fczenleyerek karar&hellip; Read more\" \/>\n<meta property=\"og:url\" content=\"https:\/\/cojep.com\/tr\/uluslararasi-kurumlar\/birlesmis-milletler-tr-2\/2017\/06\/14\/cojep-katar-krizini-bm-insan-haklari-konseyine-tasidi\/\" \/>\n<meta property=\"og:site_name\" content=\"Cojep International\" \/>\n<meta property=\"article:published_time\" content=\"2017-06-14T16:03:23+00:00\" \/>\n<meta property=\"article:modified_time\" content=\"2021-01-11T12:36:35+00:00\" \/>\n<meta property=\"og:image\" content=\"https:\/\/cojep.com\/wp-content\/uploads\/2017\/06\/Screenshot_1.png\" \/>\n\t<meta property=\"og:image:width\" content=\"1384\" \/>\n\t<meta property=\"og:image:height\" content=\"791\" \/>\n\t<meta property=\"og:image:type\" content=\"image\/png\" \/>\n<meta name=\"author\" content=\"Admin Cojep\" \/>\n<meta name=\"twitter:card\" content=\"summary_large_image\" \/>\n<meta name=\"twitter:label1\" content=\"Yazan:\" \/>\n\t<meta name=\"twitter:data1\" content=\"Admin Cojep\" \/>\n\t<meta name=\"twitter:label2\" content=\"Tahmini okuma s\u00fcresi\" \/>\n\t<meta name=\"twitter:data2\" content=\"1 dakika\" \/>\n<script type=\"application\/ld+json\" class=\"yoast-schema-graph\">{\"@context\":\"https:\\\/\\\/schema.org\",\"@graph\":[{\"@type\":\"Article\",\"@id\":\"https:\\\/\\\/cojep.com\\\/uluslararasi-kurumlar\\\/birlesmis-milletler-tr-2\\\/2017\\\/06\\\/14\\\/cojep-katar-krizini-bm-insan-haklari-konseyine-tasidi\\\/#article\",\"isPartOf\":{\"@id\":\"https:\\\/\\\/cojep.com\\\/uluslararasi-kurumlar\\\/birlesmis-milletler-tr-2\\\/2017\\\/06\\\/14\\\/cojep-katar-krizini-bm-insan-haklari-konseyine-tasidi\\\/\"},\"author\":{\"name\":\"Admin Cojep\",\"@id\":\"https:\\\/\\\/cojep.com\\\/#\\\/schema\\\/person\\\/1ecf08016acfd3d6a23e474b711b28f9\"},\"headline\":\"COJEP Katar krizini BM \u0130nsan Haklar\u0131 Konseyi&rsquo;ne ta\u015f\u0131d\u0131\",\"datePublished\":\"2017-06-14T16:03:23+00:00\",\"dateModified\":\"2021-01-11T12:36:35+00:00\",\"mainEntityOfPage\":{\"@id\":\"https:\\\/\\\/cojep.com\\\/uluslararasi-kurumlar\\\/birlesmis-milletler-tr-2\\\/2017\\\/06\\\/14\\\/cojep-katar-krizini-bm-insan-haklari-konseyine-tasidi\\\/\"},\"wordCount\":110,\"commentCount\":0,\"publisher\":{\"@id\":\"https:\\\/\\\/cojep.com\\\/#organization\"},\"image\":{\"@id\":\"https:\\\/\\\/cojep.com\\\/uluslararasi-kurumlar\\\/birlesmis-milletler-tr-2\\\/2017\\\/06\\\/14\\\/cojep-katar-krizini-bm-insan-haklari-konseyine-tasidi\\\/#primaryimage\"},\"thumbnailUrl\":\"https:\\\/\\\/cojep.com\\\/wp-content\\\/uploads\\\/2017\\\/06\\\/Screenshot_1.png\",\"articleSection\":[\"Birle\u015fmi\u015f Milletler\",\"Uluslararas\u0131 Kurulu\u015flar\"],\"inLanguage\":\"tr\",\"potentialAction\":[{\"@type\":\"CommentAction\",\"name\":\"Comment\",\"target\":[\"https:\\\/\\\/cojep.com\\\/uluslararasi-kurumlar\\\/birlesmis-milletler-tr-2\\\/2017\\\/06\\\/14\\\/cojep-katar-krizini-bm-insan-haklari-konseyine-tasidi\\\/#respond\"]}]},{\"@type\":\"WebPage\",\"@id\":\"https:\\\/\\\/cojep.com\\\/uluslararasi-kurumlar\\\/birlesmis-milletler-tr-2\\\/2017\\\/06\\\/14\\\/cojep-katar-krizini-bm-insan-haklari-konseyine-tasidi\\\/\",\"url\":\"https:\\\/\\\/cojep.com\\\/uluslararasi-kurumlar\\\/birlesmis-milletler-tr-2\\\/2017\\\/06\\\/14\\\/cojep-katar-krizini-bm-insan-haklari-konseyine-tasidi\\\/\",\"name\":\"COJEP Katar krizini BM \u0130nsan Haklar\u0131 Konseyi'ne ta\u015f\u0131d\u0131 - Cojep International\",\"isPartOf\":{\"@id\":\"https:\\\/\\\/cojep.com\\\/#website\"},\"primaryImageOfPage\":{\"@id\":\"https:\\\/\\\/cojep.com\\\/uluslararasi-kurumlar\\\/birlesmis-milletler-tr-2\\\/2017\\\/06\\\/14\\\/cojep-katar-krizini-bm-insan-haklari-konseyine-tasidi\\\/#primaryimage\"},\"image\":{\"@id\":\"https:\\\/\\\/cojep.com\\\/uluslararasi-kurumlar\\\/birlesmis-milletler-tr-2\\\/2017\\\/06\\\/14\\\/cojep-katar-krizini-bm-insan-haklari-konseyine-tasidi\\\/#primaryimage\"},\"thumbnailUrl\":\"https:\\\/\\\/cojep.com\\\/wp-content\\\/uploads\\\/2017\\\/06\\\/Screenshot_1.png\",\"datePublished\":\"2017-06-14T16:03:23+00:00\",\"dateModified\":\"2021-01-11T12:36:35+00:00\",\"inLanguage\":\"tr\",\"potentialAction\":[{\"@type\":\"ReadAction\",\"target\":[\"https:\\\/\\\/cojep.com\\\/uluslararasi-kurumlar\\\/birlesmis-milletler-tr-2\\\/2017\\\/06\\\/14\\\/cojep-katar-krizini-bm-insan-haklari-konseyine-tasidi\\\/\"]}]},{\"@type\":\"ImageObject\",\"inLanguage\":\"tr\",\"@id\":\"https:\\\/\\\/cojep.com\\\/uluslararasi-kurumlar\\\/birlesmis-milletler-tr-2\\\/2017\\\/06\\\/14\\\/cojep-katar-krizini-bm-insan-haklari-konseyine-tasidi\\\/#primaryimage\",\"url\":\"https:\\\/\\\/cojep.com\\\/wp-content\\\/uploads\\\/2017\\\/06\\\/Screenshot_1.png\",\"contentUrl\":\"https:\\\/\\\/cojep.com\\\/wp-content\\\/uploads\\\/2017\\\/06\\\/Screenshot_1.png\",\"width\":1384,\"height\":791},{\"@type\":\"WebSite\",\"@id\":\"https:\\\/\\\/cojep.com\\\/#website\",\"url\":\"https:\\\/\\\/cojep.com\\\/\",\"name\":\"Cojep International\",\"description\":\"Conseil pour la Justice, l&#039;Egalit\u00e9 et la Paix\",\"publisher\":{\"@id\":\"https:\\\/\\\/cojep.com\\\/#organization\"},\"potentialAction\":[{\"@type\":\"SearchAction\",\"target\":{\"@type\":\"EntryPoint\",\"urlTemplate\":\"https:\\\/\\\/cojep.com\\\/?s={search_term_string}\"},\"query-input\":{\"@type\":\"PropertyValueSpecification\",\"valueRequired\":true,\"valueName\":\"search_term_string\"}}],\"inLanguage\":\"tr\"},{\"@type\":\"Organization\",\"@id\":\"https:\\\/\\\/cojep.com\\\/#organization\",\"name\":\"Cojep International\",\"url\":\"https:\\\/\\\/cojep.com\\\/\",\"logo\":{\"@type\":\"ImageObject\",\"inLanguage\":\"tr\",\"@id\":\"https:\\\/\\\/cojep.com\\\/#\\\/schema\\\/logo\\\/image\\\/\",\"url\":\"https:\\\/\\\/cojep.com\\\/wp-content\\\/uploads\\\/2022\\\/05\\\/cropped-cropped-cropped-logo-3.png\",\"contentUrl\":\"https:\\\/\\\/cojep.com\\\/wp-content\\\/uploads\\\/2022\\\/05\\\/cropped-cropped-cropped-logo-3.png\",\"width\":512,\"height\":512,\"caption\":\"Cojep International\"},\"image\":{\"@id\":\"https:\\\/\\\/cojep.com\\\/#\\\/schema\\\/logo\\\/image\\\/\"}},{\"@type\":\"Person\",\"@id\":\"https:\\\/\\\/cojep.com\\\/#\\\/schema\\\/person\\\/1ecf08016acfd3d6a23e474b711b28f9\",\"name\":\"Admin Cojep\",\"image\":{\"@type\":\"ImageObject\",\"inLanguage\":\"tr\",\"@id\":\"https:\\\/\\\/secure.gravatar.com\\\/avatar\\\/dcce3d5ee953d671cf8bce58041662d10b8577ace29a5e06173a432c53fcc587?s=96&d=mm&r=g\",\"url\":\"https:\\\/\\\/secure.gravatar.com\\\/avatar\\\/dcce3d5ee953d671cf8bce58041662d10b8577ace29a5e06173a432c53fcc587?s=96&d=mm&r=g\",\"contentUrl\":\"https:\\\/\\\/secure.gravatar.com\\\/avatar\\\/dcce3d5ee953d671cf8bce58041662d10b8577ace29a5e06173a432c53fcc587?s=96&d=mm&r=g\",\"caption\":\"Admin Cojep\"},\"sameAs\":[\"http:\\\/\\\/www.cojep.com\"]}]}<\/script>\n<!-- \/ Yoast SEO plugin. -->","yoast_head_json":{"title":"COJEP Katar krizini BM \u0130nsan Haklar\u0131 Konseyi'ne ta\u015f\u0131d\u0131 - Cojep International","robots":{"index":"index","follow":"follow","max-snippet":"max-snippet:-1","max-image-preview":"max-image-preview:large","max-video-preview":"max-video-preview:-1"},"canonical":"https:\/\/cojep.com\/tr\/uluslararasi-kurumlar\/birlesmis-milletler-tr-2\/2017\/06\/14\/cojep-katar-krizini-bm-insan-haklari-konseyine-tasidi\/","og_locale":"tr_TR","og_type":"article","og_title":"COJEP Katar krizini BM \u0130nsan Haklar\u0131 Konseyi'ne ta\u015f\u0131d\u0131 - Cojep International","og_description":"Cojep \u0130nternasyonal BM \u0130nsan Haklar\u0131 Genel Kurulu&rsquo;nda s\u00f6z alarak acilen Katar krizinin sonland\u0131r\u0131lmas\u0131 ve Katar halk\u0131n\u0131n ma\u011fduriyetlerinin kald\u0131r\u0131lmas\u0131n\u0131 istedi&#8230; Cojep konu ile ilgili bas\u0131n a\u00e7\u0131klamas\u0131 yay\u0131nlad\u0131 Cojep konu ile ilgli Uluslaras\u0131 kurulu\u015flardaki \u00a0delegasyonlar, STK&rsquo;lar ve ilgili genel m\u00fcd\u00fcrl\u00fckler olmak \u00fczere 3.000 ki\u015fiye mail g\u00f6ndererek krizin bitirilmesini istedi. Cojep yar\u0131n BM Cenevre Ofisi&rsquo;nde konferans d\u00fczenleyerek karar&hellip; Read more","og_url":"https:\/\/cojep.com\/tr\/uluslararasi-kurumlar\/birlesmis-milletler-tr-2\/2017\/06\/14\/cojep-katar-krizini-bm-insan-haklari-konseyine-tasidi\/","og_site_name":"Cojep International","article_published_time":"2017-06-14T16:03:23+00:00","article_modified_time":"2021-01-11T12:36:35+00:00","og_image":[{"width":1384,"height":791,"url":"https:\/\/cojep.com\/wp-content\/uploads\/2017\/06\/Screenshot_1.png","type":"image\/png"}],"author":"Admin Cojep","twitter_card":"summary_large_image","twitter_misc":{"Yazan:":"Admin Cojep","Tahmini okuma s\u00fcresi":"1 dakika"},"schema":{"@context":"https:\/\/schema.org","@graph":[{"@type":"Article","@id":"https:\/\/cojep.com\/uluslararasi-kurumlar\/birlesmis-milletler-tr-2\/2017\/06\/14\/cojep-katar-krizini-bm-insan-haklari-konseyine-tasidi\/#article","isPartOf":{"@id":"https:\/\/cojep.com\/uluslararasi-kurumlar\/birlesmis-milletler-tr-2\/2017\/06\/14\/cojep-katar-krizini-bm-insan-haklari-konseyine-tasidi\/"},"author":{"name":"Admin Cojep","@id":"https:\/\/cojep.com\/#\/schema\/person\/1ecf08016acfd3d6a23e474b711b28f9"},"headline":"COJEP Katar krizini BM \u0130nsan Haklar\u0131 Konseyi&rsquo;ne ta\u015f\u0131d\u0131","datePublished":"2017-06-14T16:03:23+00:00","dateModified":"2021-01-11T12:36:35+00:00","mainEntityOfPage":{"@id":"https:\/\/cojep.com\/uluslararasi-kurumlar\/birlesmis-milletler-tr-2\/2017\/06\/14\/cojep-katar-krizini-bm-insan-haklari-konseyine-tasidi\/"},"wordCount":110,"commentCount":0,"publisher":{"@id":"https:\/\/cojep.com\/#organization"},"image":{"@id":"https:\/\/cojep.com\/uluslararasi-kurumlar\/birlesmis-milletler-tr-2\/2017\/06\/14\/cojep-katar-krizini-bm-insan-haklari-konseyine-tasidi\/#primaryimage"},"thumbnailUrl":"https:\/\/cojep.com\/wp-content\/uploads\/2017\/06\/Screenshot_1.png","articleSection":["Birle\u015fmi\u015f Milletler","Uluslararas\u0131 Kurulu\u015flar"],"inLanguage":"tr","potentialAction":[{"@type":"CommentAction","name":"Comment","target":["https:\/\/cojep.com\/uluslararasi-kurumlar\/birlesmis-milletler-tr-2\/2017\/06\/14\/cojep-katar-krizini-bm-insan-haklari-konseyine-tasidi\/#respond"]}]},{"@type":"WebPage","@id":"https:\/\/cojep.com\/uluslararasi-kurumlar\/birlesmis-milletler-tr-2\/2017\/06\/14\/cojep-katar-krizini-bm-insan-haklari-konseyine-tasidi\/","url":"https:\/\/cojep.com\/uluslararasi-kurumlar\/birlesmis-milletler-tr-2\/2017\/06\/14\/cojep-katar-krizini-bm-insan-haklari-konseyine-tasidi\/","name":"COJEP Katar krizini BM \u0130nsan Haklar\u0131 Konseyi'ne ta\u015f\u0131d\u0131 - Cojep International","isPartOf":{"@id":"https:\/\/cojep.com\/#website"},"primaryImageOfPage":{"@id":"https:\/\/cojep.com\/uluslararasi-kurumlar\/birlesmis-milletler-tr-2\/2017\/06\/14\/cojep-katar-krizini-bm-insan-haklari-konseyine-tasidi\/#primaryimage"},"image":{"@id":"https:\/\/cojep.com\/uluslararasi-kurumlar\/birlesmis-milletler-tr-2\/2017\/06\/14\/cojep-katar-krizini-bm-insan-haklari-konseyine-tasidi\/#primaryimage"},"thumbnailUrl":"https:\/\/cojep.com\/wp-content\/uploads\/2017\/06\/Screenshot_1.png","datePublished":"2017-06-14T16:03:23+00:00","dateModified":"2021-01-11T12:36:35+00:00","inLanguage":"tr","potentialAction":[{"@type":"ReadAction","target":["https:\/\/cojep.com\/uluslararasi-kurumlar\/birlesmis-milletler-tr-2\/2017\/06\/14\/cojep-katar-krizini-bm-insan-haklari-konseyine-tasidi\/"]}]},{"@type":"ImageObject","inLanguage":"tr","@id":"https:\/\/cojep.com\/uluslararasi-kurumlar\/birlesmis-milletler-tr-2\/2017\/06\/14\/cojep-katar-krizini-bm-insan-haklari-konseyine-tasidi\/#primaryimage","url":"https:\/\/cojep.com\/wp-content\/uploads\/2017\/06\/Screenshot_1.png","contentUrl":"https:\/\/cojep.com\/wp-content\/uploads\/2017\/06\/Screenshot_1.png","width":1384,"height":791},{"@type":"WebSite","@id":"https:\/\/cojep.com\/#website","url":"https:\/\/cojep.com\/","name":"Cojep International","description":"Adalet, E\u015fitlik ve Bar\u0131\u015f Konseyi","publisher":{"@id":"https:\/\/cojep.com\/#organization"},"potentialAction":[{"@type":"SearchAction","target":{"@type":"EntryPoint","urlTemplate":"https:\/\/cojep.com\/?s={search_term_string}"},"query-input":{"@type":"PropertyValueSpecification","valueRequired":true,"valueName":"search_term_string"}}],"inLanguage":"tr"},{"@type":"Organization","@id":"https:\/\/cojep.com\/#organization","name":"Cojep International","url":"https:\/\/cojep.com\/","logo":{"@type":"ImageObject","inLanguage":"tr","@id":"https:\/\/cojep.com\/#\/schema\/logo\/image\/","url":"https:\/\/cojep.com\/wp-content\/uploads\/2022\/05\/cropped-cropped-cropped-logo-3.png","contentUrl":"https:\/\/cojep.com\/wp-content\/uploads\/2022\/05\/cropped-cropped-cropped-logo-3.png","width":512,"height":512,"caption":"Cojep International"},"image":{"@id":"https:\/\/cojep.com\/#\/schema\/logo\/image\/"}},{"@type":"Person","@id":"https:\/\/cojep.com\/#\/schema\/person\/1ecf08016acfd3d6a23e474b711b28f9","name":"Admin Cojep","image":{"@type":"ImageObject","inLanguage":"tr","@id":"https:\/\/secure.gravatar.com\/avatar\/dcce3d5ee953d671cf8bce58041662d10b8577ace29a5e06173a432c53fcc587?s=96&d=mm&r=g","url":"https:\/\/secure.gravatar.com\/avatar\/dcce3d5ee953d671cf8bce58041662d10b8577ace29a5e06173a432c53fcc587?s=96&d=mm&r=g","contentUrl":"https:\/\/secure.gravatar.com\/avatar\/dcce3d5ee953d671cf8bce58041662d10b8577ace29a5e06173a432c53fcc587?s=96&d=mm&r=g","caption":"Admin Cojep"},"sameAs":["http:\/\/www.cojep.com"]}]}},"_links":{"self":[{"href":"https:\/\/cojep.com\/tr\/wp-json\/wp\/v2\/posts\/704","targetHints":{"allow":["GET"]}}],"collection":[{"href":"https:\/\/cojep.com\/tr\/wp-json\/wp\/v2\/posts"}],"about":[{"href":"https:\/\/cojep.com\/tr\/wp-json\/wp\/v2\/types\/post"}],"author":[{"embeddable":true,"href":"https:\/\/cojep.com\/tr\/wp-json\/wp\/v2\/users\/2"}],"replies":[{"embeddable":true,"href":"https:\/\/cojep.com\/tr\/wp-json\/wp\/v2\/comments?post=704"}],"version-history":[{"count":0,"href":"https:\/\/cojep.com\/tr\/wp-json\/wp\/v2\/posts\/704\/revisions"}],"wp:featuredmedia":[{"embeddable":true,"href":"https:\/\/cojep.com\/tr\/wp-json\/wp\/v2\/media\/705"}],"wp:attachment":[{"href":"https:\/\/cojep.com\/tr\/wp-json\/wp\/v2\/media?parent=704"}],"wp:term":[{"taxonomy":"category","embeddable":true,"href":"https:\/\/cojep.com\/tr\/wp-json\/wp\/v2\/categories?post=704"},{"taxonomy":"post_tag","embeddable":true,"href":"https:\/\/cojep.com\/tr\/wp-json\/wp\/v2\/tags?post=704"}],"curies":[{"name":"wp","href":"https:\/\/api.w.org\/{rel}","templated":true}]}}