{"id":828,"date":"2018-06-12T07:37:05","date_gmt":"2018-06-12T07:37:05","guid":{"rendered":"https:\/\/cojep.com\/?p=828"},"modified":"2021-01-10T14:45:19","modified_gmt":"2021-01-10T14:45:19","slug":"press-release-austrias-decision-on-the-forthcoming-closure-of-7-places-of-muslim-worship","status":"publish","type":"post","link":"https:\/\/cojep.com\/tr\/press-releases\/2018\/06\/12\/press-release-austrias-decision-on-the-forthcoming-closure-of-7-places-of-muslim-worship\/","title":{"rendered":"Press release : Austria&rsquo;s decision on the forthcoming closure of 7 places of Muslim worship"},"content":{"rendered":"<p><img loading=\"lazy\" decoding=\"async\" class=\"alignleft size-medium wp-image-819\" src=\"https:\/\/cojep.com\/wp-content\/uploads\/2018\/06\/La_Grande_Mosquee_Du_Paris-300x225.jpg\" alt=\"\" width=\"300\" height=\"225\" srcset=\"https:\/\/cojep.com\/wp-content\/uploads\/2018\/06\/La_Grande_Mosquee_Du_Paris-300x225.jpg 300w, https:\/\/cojep.com\/wp-content\/uploads\/2018\/06\/La_Grande_Mosquee_Du_Paris-768x576.jpg 768w, https:\/\/cojep.com\/wp-content\/uploads\/2018\/06\/La_Grande_Mosquee_Du_Paris-1024x768.jpg 1024w, https:\/\/cojep.com\/wp-content\/uploads\/2018\/06\/La_Grande_Mosquee_Du_Paris-80x60.jpg 80w, https:\/\/cojep.com\/wp-content\/uploads\/2018\/06\/La_Grande_Mosquee_Du_Paris-265x198.jpg 265w, https:\/\/cojep.com\/wp-content\/uploads\/2018\/06\/La_Grande_Mosquee_Du_Paris-696x522.jpg 696w, https:\/\/cojep.com\/wp-content\/uploads\/2018\/06\/La_Grande_Mosquee_Du_Paris-1068x801.jpg 1068w, https:\/\/cojep.com\/wp-content\/uploads\/2018\/06\/La_Grande_Mosquee_Du_Paris-560x420.jpg 560w, https:\/\/cojep.com\/wp-content\/uploads\/2018\/06\/La_Grande_Mosquee_Du_Paris.jpg 1152w\" sizes=\"auto, (max-width: 300px) 100vw, 300px\" \/>COJEP International is truly concerning about the Austria&rsquo;s decision on the forthcoming closure of 7 places of Muslim worship, and the referral of 60 imams to their country of origin. In the name of the \u00ab\u00a0struggle against political Islam\u00a0\u00bb, the Austrian Government is arguing that these places are financed by third countries.<!--more--><\/p>\n<p>These acts do not comply with the values of the European Union, the Universal Law and the right of minorities.<\/p>\n<p>Therefore, COJEP International condemns in the strongest terms this act, by seeing into this one, an electoral decision aiming at satisfy the far right, which draws the political face in Austria for several years.<\/p>\n<p>As a non-governmental organization, COJEP International and all its network have been struggling against all kind of racism and discrimination, for more than 20 years.<br \/>\nIt is with a great concern that we want to report a rise of hatred and political violence towards the Muslim citizens.<\/p>\n<p>We call for all organizations to strive to fight against racism, islamophobia and so all type of discrimination, by contesting these unilateral evictions and this decision taken without any consultation with the Muslims of Austria.<\/p>\n<p>COJEP International invites all the European countries to put pressure on the Austrian chancellor, Sebastian Kurz, so that he reconsiders this unfair and unfounded position, which seriously harms the freedom of worship and the Living Together in Austria<\/p>\n<ol>\n<li>Ali Gediko\u011flu<\/li>\n<\/ol>\n<p>COJEP INTERNATIONAL<\/p>\n<p>contact@cojep.fr<\/p>","protected":false},"excerpt":{"rendered":"<p>COJEP International is truly concerning about the Austria&rsquo;s decision on the forthcoming closure of 7 places of Muslim worship, and the referral of 60 imams to their country of origin. In the name of the \u00ab\u00a0struggle against political Islam\u00a0\u00bb, the Austrian Government is arguing that these places are financed by third countries.<\/p>","protected":false},"author":2,"featured_media":0,"comment_status":"open","ping_status":"open","sticky":false,"template":"","format":"standard","meta":{"footnotes":""},"categories":[343],"tags":[124],"class_list":["post-828","post","type-post","status-publish","format-standard","hentry","category-press-releases","tag-austria-mosquee-islamofobia"],"yoast_head":"<!-- This site is optimized with the Yoast SEO plugin v27.3 - https:\/\/yoast.com\/product\/yoast-seo-wordpress\/ -->\n<title>Press release : Austria&#039;s decision on the forthcoming closure of 7 places of Muslim worship - Cojep International<\/title>\n<meta name=\"robots\" content=\"index, follow, max-snippet:-1, max-image-preview:large, max-video-preview:-1\" \/>\n<link rel=\"canonical\" href=\"https:\/\/cojep.com\/tr\/press-releases\/2018\/06\/12\/press-release-austrias-decision-on-the-forthcoming-closure-of-7-places-of-muslim-worship\/\" \/>\n<meta property=\"og:locale\" content=\"tr_TR\" \/>\n<meta property=\"og:type\" content=\"article\" \/>\n<meta property=\"og:title\" content=\"Press release : Austria&#039;s decision on the forthcoming closure of 7 places of Muslim worship - Cojep International\" \/>\n<meta property=\"og:description\" content=\"COJEP International is truly concerning about the Austria&rsquo;s decision on the forthcoming closure of 7 places of Muslim worship, and the referral of 60 imams to their country of origin. In the name of the \u00ab\u00a0struggle against political Islam\u00a0\u00bb, the Austrian Government is arguing that these places are financed by third countries.\" \/>\n<meta property=\"og:url\" content=\"https:\/\/cojep.com\/tr\/press-releases\/2018\/06\/12\/press-release-austrias-decision-on-the-forthcoming-closure-of-7-places-of-muslim-worship\/\" \/>\n<meta property=\"og:site_name\" content=\"Cojep International\" \/>\n<meta property=\"article:published_time\" content=\"2018-06-12T07:37:05+00:00\" \/>\n<meta property=\"article:modified_time\" content=\"2021-01-10T14:45:19+00:00\" \/>\n<meta property=\"og:image\" content=\"https:\/\/cojep.com\/wp-content\/uploads\/2018\/06\/La_Grande_Mosquee_Du_Paris-300x225.jpg\" \/>\n<meta name=\"author\" content=\"Admin Cojep\" \/>\n<meta name=\"twitter:card\" content=\"summary_large_image\" \/>\n<meta name=\"twitter:label1\" content=\"Yazan:\" \/>\n\t<meta name=\"twitter:data1\" content=\"Admin Cojep\" \/>\n\t<meta name=\"twitter:label2\" content=\"Tahmini okuma s\u00fcresi\" \/>\n\t<meta name=\"twitter:data2\" content=\"1 dakika\" \/>\n<script type=\"application\/ld+json\" class=\"yoast-schema-graph\">{\"@context\":\"https:\\\/\\\/schema.org\",\"@graph\":[{\"@type\":\"Article\",\"@id\":\"https:\\\/\\\/cojep.com\\\/press-releases\\\/2018\\\/06\\\/12\\\/press-release-austrias-decision-on-the-forthcoming-closure-of-7-places-of-muslim-worship\\\/#article\",\"isPartOf\":{\"@id\":\"https:\\\/\\\/cojep.com\\\/press-releases\\\/2018\\\/06\\\/12\\\/press-release-austrias-decision-on-the-forthcoming-closure-of-7-places-of-muslim-worship\\\/\"},\"author\":{\"name\":\"Admin Cojep\",\"@id\":\"https:\\\/\\\/cojep.com\\\/#\\\/schema\\\/person\\\/1ecf08016acfd3d6a23e474b711b28f9\"},\"headline\":\"Press release : Austria&rsquo;s decision on the forthcoming closure of 7 places of Muslim worship\",\"datePublished\":\"2018-06-12T07:37:05+00:00\",\"dateModified\":\"2021-01-10T14:45:19+00:00\",\"mainEntityOfPage\":{\"@id\":\"https:\\\/\\\/cojep.com\\\/press-releases\\\/2018\\\/06\\\/12\\\/press-release-austrias-decision-on-the-forthcoming-closure-of-7-places-of-muslim-worship\\\/\"},\"wordCount\":244,\"commentCount\":0,\"publisher\":{\"@id\":\"https:\\\/\\\/cojep.com\\\/#organization\"},\"image\":{\"@id\":\"https:\\\/\\\/cojep.com\\\/press-releases\\\/2018\\\/06\\\/12\\\/press-release-austrias-decision-on-the-forthcoming-closure-of-7-places-of-muslim-worship\\\/#primaryimage\"},\"thumbnailUrl\":\"https:\\\/\\\/cojep.com\\\/wp-content\\\/uploads\\\/2018\\\/06\\\/La_Grande_Mosquee_Du_Paris-300x225.jpg\",\"keywords\":[\"Austria mosquee islamofobia\"],\"articleSection\":[\"Press Releases\"],\"inLanguage\":\"tr\",\"potentialAction\":[{\"@type\":\"CommentAction\",\"name\":\"Comment\",\"target\":[\"https:\\\/\\\/cojep.com\\\/press-releases\\\/2018\\\/06\\\/12\\\/press-release-austrias-decision-on-the-forthcoming-closure-of-7-places-of-muslim-worship\\\/#respond\"]}]},{\"@type\":\"WebPage\",\"@id\":\"https:\\\/\\\/cojep.com\\\/press-releases\\\/2018\\\/06\\\/12\\\/press-release-austrias-decision-on-the-forthcoming-closure-of-7-places-of-muslim-worship\\\/\",\"url\":\"https:\\\/\\\/cojep.com\\\/press-releases\\\/2018\\\/06\\\/12\\\/press-release-austrias-decision-on-the-forthcoming-closure-of-7-places-of-muslim-worship\\\/\",\"name\":\"Press release : Austria's decision on the forthcoming closure of 7 places of Muslim worship - Cojep International\",\"isPartOf\":{\"@id\":\"https:\\\/\\\/cojep.com\\\/#website\"},\"primaryImageOfPage\":{\"@id\":\"https:\\\/\\\/cojep.com\\\/press-releases\\\/2018\\\/06\\\/12\\\/press-release-austrias-decision-on-the-forthcoming-closure-of-7-places-of-muslim-worship\\\/#primaryimage\"},\"image\":{\"@id\":\"https:\\\/\\\/cojep.com\\\/press-releases\\\/2018\\\/06\\\/12\\\/press-release-austrias-decision-on-the-forthcoming-closure-of-7-places-of-muslim-worship\\\/#primaryimage\"},\"thumbnailUrl\":\"https:\\\/\\\/cojep.com\\\/wp-content\\\/uploads\\\/2018\\\/06\\\/La_Grande_Mosquee_Du_Paris-300x225.jpg\",\"datePublished\":\"2018-06-12T07:37:05+00:00\",\"dateModified\":\"2021-01-10T14:45:19+00:00\",\"inLanguage\":\"tr\",\"potentialAction\":[{\"@type\":\"ReadAction\",\"target\":[\"https:\\\/\\\/cojep.com\\\/press-releases\\\/2018\\\/06\\\/12\\\/press-release-austrias-decision-on-the-forthcoming-closure-of-7-places-of-muslim-worship\\\/\"]}]},{\"@type\":\"ImageObject\",\"inLanguage\":\"tr\",\"@id\":\"https:\\\/\\\/cojep.com\\\/press-releases\\\/2018\\\/06\\\/12\\\/press-release-austrias-decision-on-the-forthcoming-closure-of-7-places-of-muslim-worship\\\/#primaryimage\",\"url\":\"https:\\\/\\\/cojep.com\\\/wp-content\\\/uploads\\\/2018\\\/06\\\/La_Grande_Mosquee_Du_Paris-300x225.jpg\",\"contentUrl\":\"https:\\\/\\\/cojep.com\\\/wp-content\\\/uploads\\\/2018\\\/06\\\/La_Grande_Mosquee_Du_Paris-300x225.jpg\"},{\"@type\":\"WebSite\",\"@id\":\"https:\\\/\\\/cojep.com\\\/#website\",\"url\":\"https:\\\/\\\/cojep.com\\\/\",\"name\":\"Cojep International\",\"description\":\"Conseil pour la Justice, l&#039;Egalit\u00e9 et la Paix\",\"publisher\":{\"@id\":\"https:\\\/\\\/cojep.com\\\/#organization\"},\"potentialAction\":[{\"@type\":\"SearchAction\",\"target\":{\"@type\":\"EntryPoint\",\"urlTemplate\":\"https:\\\/\\\/cojep.com\\\/?s={search_term_string}\"},\"query-input\":{\"@type\":\"PropertyValueSpecification\",\"valueRequired\":true,\"valueName\":\"search_term_string\"}}],\"inLanguage\":\"tr\"},{\"@type\":\"Organization\",\"@id\":\"https:\\\/\\\/cojep.com\\\/#organization\",\"name\":\"Cojep International\",\"url\":\"https:\\\/\\\/cojep.com\\\/\",\"logo\":{\"@type\":\"ImageObject\",\"inLanguage\":\"tr\",\"@id\":\"https:\\\/\\\/cojep.com\\\/#\\\/schema\\\/logo\\\/image\\\/\",\"url\":\"https:\\\/\\\/cojep.com\\\/wp-content\\\/uploads\\\/2022\\\/05\\\/cropped-cropped-cropped-logo-3.png\",\"contentUrl\":\"https:\\\/\\\/cojep.com\\\/wp-content\\\/uploads\\\/2022\\\/05\\\/cropped-cropped-cropped-logo-3.png\",\"width\":512,\"height\":512,\"caption\":\"Cojep International\"},\"image\":{\"@id\":\"https:\\\/\\\/cojep.com\\\/#\\\/schema\\\/logo\\\/image\\\/\"}},{\"@type\":\"Person\",\"@id\":\"https:\\\/\\\/cojep.com\\\/#\\\/schema\\\/person\\\/1ecf08016acfd3d6a23e474b711b28f9\",\"name\":\"Admin Cojep\",\"image\":{\"@type\":\"ImageObject\",\"inLanguage\":\"tr\",\"@id\":\"https:\\\/\\\/secure.gravatar.com\\\/avatar\\\/dcce3d5ee953d671cf8bce58041662d10b8577ace29a5e06173a432c53fcc587?s=96&d=mm&r=g\",\"url\":\"https:\\\/\\\/secure.gravatar.com\\\/avatar\\\/dcce3d5ee953d671cf8bce58041662d10b8577ace29a5e06173a432c53fcc587?s=96&d=mm&r=g\",\"contentUrl\":\"https:\\\/\\\/secure.gravatar.com\\\/avatar\\\/dcce3d5ee953d671cf8bce58041662d10b8577ace29a5e06173a432c53fcc587?s=96&d=mm&r=g\",\"caption\":\"Admin Cojep\"},\"sameAs\":[\"http:\\\/\\\/www.cojep.com\"]}]}<\/script>\n<!-- \/ Yoast SEO plugin. -->","yoast_head_json":{"title":"Press release : Austria's decision on the forthcoming closure of 7 places of Muslim worship - Cojep International","robots":{"index":"index","follow":"follow","max-snippet":"max-snippet:-1","max-image-preview":"max-image-preview:large","max-video-preview":"max-video-preview:-1"},"canonical":"https:\/\/cojep.com\/tr\/press-releases\/2018\/06\/12\/press-release-austrias-decision-on-the-forthcoming-closure-of-7-places-of-muslim-worship\/","og_locale":"tr_TR","og_type":"article","og_title":"Press release : Austria's decision on the forthcoming closure of 7 places of Muslim worship - Cojep International","og_description":"COJEP International is truly concerning about the Austria&rsquo;s decision on the forthcoming closure of 7 places of Muslim worship, and the referral of 60 imams to their country of origin. In the name of the \u00ab\u00a0struggle against political Islam\u00a0\u00bb, the Austrian Government is arguing that these places are financed by third countries.","og_url":"https:\/\/cojep.com\/tr\/press-releases\/2018\/06\/12\/press-release-austrias-decision-on-the-forthcoming-closure-of-7-places-of-muslim-worship\/","og_site_name":"Cojep International","article_published_time":"2018-06-12T07:37:05+00:00","article_modified_time":"2021-01-10T14:45:19+00:00","og_image":[{"url":"https:\/\/cojep.com\/wp-content\/uploads\/2018\/06\/La_Grande_Mosquee_Du_Paris-300x225.jpg","type":"","width":"","height":""}],"author":"Admin Cojep","twitter_card":"summary_large_image","twitter_misc":{"Yazan:":"Admin Cojep","Tahmini okuma s\u00fcresi":"1 dakika"},"schema":{"@context":"https:\/\/schema.org","@graph":[{"@type":"Article","@id":"https:\/\/cojep.com\/press-releases\/2018\/06\/12\/press-release-austrias-decision-on-the-forthcoming-closure-of-7-places-of-muslim-worship\/#article","isPartOf":{"@id":"https:\/\/cojep.com\/press-releases\/2018\/06\/12\/press-release-austrias-decision-on-the-forthcoming-closure-of-7-places-of-muslim-worship\/"},"author":{"name":"Admin Cojep","@id":"https:\/\/cojep.com\/#\/schema\/person\/1ecf08016acfd3d6a23e474b711b28f9"},"headline":"Press release : Austria&rsquo;s decision on the forthcoming closure of 7 places of Muslim worship","datePublished":"2018-06-12T07:37:05+00:00","dateModified":"2021-01-10T14:45:19+00:00","mainEntityOfPage":{"@id":"https:\/\/cojep.com\/press-releases\/2018\/06\/12\/press-release-austrias-decision-on-the-forthcoming-closure-of-7-places-of-muslim-worship\/"},"wordCount":244,"commentCount":0,"publisher":{"@id":"https:\/\/cojep.com\/#organization"},"image":{"@id":"https:\/\/cojep.com\/press-releases\/2018\/06\/12\/press-release-austrias-decision-on-the-forthcoming-closure-of-7-places-of-muslim-worship\/#primaryimage"},"thumbnailUrl":"https:\/\/cojep.com\/wp-content\/uploads\/2018\/06\/La_Grande_Mosquee_Du_Paris-300x225.jpg","keywords":["Austria mosquee islamofobia"],"articleSection":["Press Releases"],"inLanguage":"tr","potentialAction":[{"@type":"CommentAction","name":"Comment","target":["https:\/\/cojep.com\/press-releases\/2018\/06\/12\/press-release-austrias-decision-on-the-forthcoming-closure-of-7-places-of-muslim-worship\/#respond"]}]},{"@type":"WebPage","@id":"https:\/\/cojep.com\/press-releases\/2018\/06\/12\/press-release-austrias-decision-on-the-forthcoming-closure-of-7-places-of-muslim-worship\/","url":"https:\/\/cojep.com\/press-releases\/2018\/06\/12\/press-release-austrias-decision-on-the-forthcoming-closure-of-7-places-of-muslim-worship\/","name":"Press release : Austria's decision on the forthcoming closure of 7 places of Muslim worship - Cojep International","isPartOf":{"@id":"https:\/\/cojep.com\/#website"},"primaryImageOfPage":{"@id":"https:\/\/cojep.com\/press-releases\/2018\/06\/12\/press-release-austrias-decision-on-the-forthcoming-closure-of-7-places-of-muslim-worship\/#primaryimage"},"image":{"@id":"https:\/\/cojep.com\/press-releases\/2018\/06\/12\/press-release-austrias-decision-on-the-forthcoming-closure-of-7-places-of-muslim-worship\/#primaryimage"},"thumbnailUrl":"https:\/\/cojep.com\/wp-content\/uploads\/2018\/06\/La_Grande_Mosquee_Du_Paris-300x225.jpg","datePublished":"2018-06-12T07:37:05+00:00","dateModified":"2021-01-10T14:45:19+00:00","inLanguage":"tr","potentialAction":[{"@type":"ReadAction","target":["https:\/\/cojep.com\/press-releases\/2018\/06\/12\/press-release-austrias-decision-on-the-forthcoming-closure-of-7-places-of-muslim-worship\/"]}]},{"@type":"ImageObject","inLanguage":"tr","@id":"https:\/\/cojep.com\/press-releases\/2018\/06\/12\/press-release-austrias-decision-on-the-forthcoming-closure-of-7-places-of-muslim-worship\/#primaryimage","url":"https:\/\/cojep.com\/wp-content\/uploads\/2018\/06\/La_Grande_Mosquee_Du_Paris-300x225.jpg","contentUrl":"https:\/\/cojep.com\/wp-content\/uploads\/2018\/06\/La_Grande_Mosquee_Du_Paris-300x225.jpg"},{"@type":"WebSite","@id":"https:\/\/cojep.com\/#website","url":"https:\/\/cojep.com\/","name":"Cojep International","description":"Adalet, E\u015fitlik ve Bar\u0131\u015f Konseyi","publisher":{"@id":"https:\/\/cojep.com\/#organization"},"potentialAction":[{"@type":"SearchAction","target":{"@type":"EntryPoint","urlTemplate":"https:\/\/cojep.com\/?s={search_term_string}"},"query-input":{"@type":"PropertyValueSpecification","valueRequired":true,"valueName":"search_term_string"}}],"inLanguage":"tr"},{"@type":"Organization","@id":"https:\/\/cojep.com\/#organization","name":"Cojep International","url":"https:\/\/cojep.com\/","logo":{"@type":"ImageObject","inLanguage":"tr","@id":"https:\/\/cojep.com\/#\/schema\/logo\/image\/","url":"https:\/\/cojep.com\/wp-content\/uploads\/2022\/05\/cropped-cropped-cropped-logo-3.png","contentUrl":"https:\/\/cojep.com\/wp-content\/uploads\/2022\/05\/cropped-cropped-cropped-logo-3.png","width":512,"height":512,"caption":"Cojep International"},"image":{"@id":"https:\/\/cojep.com\/#\/schema\/logo\/image\/"}},{"@type":"Person","@id":"https:\/\/cojep.com\/#\/schema\/person\/1ecf08016acfd3d6a23e474b711b28f9","name":"Admin Cojep","image":{"@type":"ImageObject","inLanguage":"tr","@id":"https:\/\/secure.gravatar.com\/avatar\/dcce3d5ee953d671cf8bce58041662d10b8577ace29a5e06173a432c53fcc587?s=96&d=mm&r=g","url":"https:\/\/secure.gravatar.com\/avatar\/dcce3d5ee953d671cf8bce58041662d10b8577ace29a5e06173a432c53fcc587?s=96&d=mm&r=g","contentUrl":"https:\/\/secure.gravatar.com\/avatar\/dcce3d5ee953d671cf8bce58041662d10b8577ace29a5e06173a432c53fcc587?s=96&d=mm&r=g","caption":"Admin Cojep"},"sameAs":["http:\/\/www.cojep.com"]}]}},"_links":{"self":[{"href":"https:\/\/cojep.com\/tr\/wp-json\/wp\/v2\/posts\/828","targetHints":{"allow":["GET"]}}],"collection":[{"href":"https:\/\/cojep.com\/tr\/wp-json\/wp\/v2\/posts"}],"about":[{"href":"https:\/\/cojep.com\/tr\/wp-json\/wp\/v2\/types\/post"}],"author":[{"embeddable":true,"href":"https:\/\/cojep.com\/tr\/wp-json\/wp\/v2\/users\/2"}],"replies":[{"embeddable":true,"href":"https:\/\/cojep.com\/tr\/wp-json\/wp\/v2\/comments?post=828"}],"version-history":[{"count":0,"href":"https:\/\/cojep.com\/tr\/wp-json\/wp\/v2\/posts\/828\/revisions"}],"wp:attachment":[{"href":"https:\/\/cojep.com\/tr\/wp-json\/wp\/v2\/media?parent=828"}],"wp:term":[{"taxonomy":"category","embeddable":true,"href":"https:\/\/cojep.com\/tr\/wp-json\/wp\/v2\/categories?post=828"},{"taxonomy":"post_tag","embeddable":true,"href":"https:\/\/cojep.com\/tr\/wp-json\/wp\/v2\/tags?post=828"}],"curies":[{"name":"wp","href":"https:\/\/api.w.org\/{rel}","templated":true}]}}